{"id":34585,"date":"2024-02-12T14:15:31","date_gmt":"2024-02-12T13:15:31","guid":{"rendered":"https:\/\/pearlsmagazine.com\/webvieja\/?p=34585"},"modified":"2024-02-12T14:21:14","modified_gmt":"2024-02-12T13:21:14","slug":"last-exhibition-for-fashion-for-good-museum","status":"publish","type":"post","link":"https:\/\/pearlsmagazine.com\/webvieja\/en\/last-exhibition-for-fashion-for-good-museum\/","title":{"rendered":"Last exhibition for Fashion for Good Museum"},"content":{"rendered":"\n<p>The <strong><a href=\"https:\/\/fashionforgood.com\" target=\"_blank\" rel=\"noopener\" title=\"Fashion for Good\">Fashion for Good<\/a><\/strong> Museum in Amsterdam will close its doors and transform into a co-working space starting from June 2024. <strong><a href=\"https:\/\/fashionforgood.com\" target=\"_blank\" rel=\"noopener\" title=\"Fashion for Good\">Fashion for Good<\/a><\/strong> announces a strategy aimed at promoting the adoption and scaling of <strong>regenerative fashion<\/strong> innovations. This strategy includes strengthening the Innovation Platform, deepening brand adoption, supplier integration, financing, and impact measurement. Avant sa fermeture, le mus\u00e9e c\u00e9l\u00e8bre son histoire de six ans avec une exposition finale intitul\u00e9e &#8220;<em>What Comes Around Goes Around&#8221;<\/em>, ax\u00e9e sur la circularit\u00e9 dans la mode, qui sera ouverte jusqu&#8217;au 5 juin 2024, donnant une derni\u00e8re chance au public de d\u00e9couvrir des solutions durables.<\/p>\n\n<p>Today&#8217;s fashion landscape is dominated by a linear consumption model that exacerbates waste and environmental degradation. With European consumers alone responsible for 15 kilos of textile waste every year, a shift to a circular approach is urgently needed. The<em>&#8220;What Comes Around Goes Around<\/em>&#8221; exhibition aims to catalyze this change by showcasing the work of artists, innovators and designers dedicated to reinventing the future of fashion.<\/p>\n<div class=\"wp-block-image\">\n<figure class=\"aligncenter size-full\"><a href=\"https:\/\/pearlsmagazine.com\/webvieja\/wp-content\/uploads\/2024\/02\/Fashion-for-Good.png\" rel=\"lightbox[34585]\"><img loading=\"lazy\" decoding=\"async\" width=\"680\" height=\"379\" src=\"https:\/\/pearlsmagazine.com\/webvieja\/wp-content\/uploads\/2024\/02\/Fashion-for-Good.png\" alt=\"\" class=\"wp-image-34572\" srcset=\"https:\/\/pearlsmagazine.com\/webvieja\/wp-content\/uploads\/2024\/02\/Fashion-for-Good.png 680w, https:\/\/pearlsmagazine.com\/webvieja\/wp-content\/uploads\/2024\/02\/Fashion-for-Good-300x167.png 300w\" sizes=\"auto, (max-width: 680px) 100vw, 680px\" \/><\/a><\/figure>\n<\/div>\n<h2 class=\"wp-block-heading\">Three thematic zones embody circularity<\/h2>\n\n<p>Curated by <strong>Sophie Jager-van Duren<\/strong>, the exhibition is divided into three thematic zones. The first highlights <strong>new contributions from local artists and collectives<\/strong> such as Atelier Reserv\u00e9 and The Patchwork Family, alongside established designers such as BOTTER, Ronald van der Kemp and Nicole McLaughlin. Their works embody the potential of circularity in fashion, offering a glimpse of the innovative practices reshaping the industry.<\/p>\n<div class=\"wp-block-image\">\n<figure class=\"aligncenter size-large is-resized\"><a href=\"https:\/\/pearlsmagazine.com\/webvieja\/wp-content\/uploads\/2024\/02\/Nicole-McLaughlin.-Photo-Elzo-Bonam-683x1024.jpeg\" rel=\"lightbox[34585]\"><img loading=\"lazy\" decoding=\"async\" width=\"683\" height=\"1024\" src=\"https:\/\/pearlsmagazine.com\/webvieja\/wp-content\/uploads\/2024\/02\/Nicole-McLaughlin.-Photo-Elzo-Bonam-683x1024.jpeg\" alt=\"\" class=\"wp-image-34575\" style=\"width:541px;height:auto\" srcset=\"https:\/\/pearlsmagazine.com\/webvieja\/wp-content\/uploads\/2024\/02\/Nicole-McLaughlin.-Photo-Elzo-Bonam-683x1024.jpeg 683w, https:\/\/pearlsmagazine.com\/webvieja\/wp-content\/uploads\/2024\/02\/Nicole-McLaughlin.-Photo-Elzo-Bonam-200x300.jpeg 200w, https:\/\/pearlsmagazine.com\/webvieja\/wp-content\/uploads\/2024\/02\/Nicole-McLaughlin.-Photo-Elzo-Bonam-768x1152.jpeg 768w, https:\/\/pearlsmagazine.com\/webvieja\/wp-content\/uploads\/2024\/02\/Nicole-McLaughlin.-Photo-Elzo-Bonam-1024x1536.jpeg 1024w, https:\/\/pearlsmagazine.com\/webvieja\/wp-content\/uploads\/2024\/02\/Nicole-McLaughlin.-Photo-Elzo-Bonam-1366x2048.jpeg 1366w, https:\/\/pearlsmagazine.com\/webvieja\/wp-content\/uploads\/2024\/02\/Nicole-McLaughlin.-Photo-Elzo-Bonam.jpeg 1707w\" sizes=\"auto, (max-width: 683px) 100vw, 683px\" \/><\/a><figcaption class=\"wp-element-caption\">Nicole McLaughlin. Photo: Enzo Bonam <\/figcaption><\/figure>\n<\/div>\n<p>The second zone focuses on <strong>community engagement,<\/strong> inviting visitors to participate in interactive installations that highlight the collective effort required to transform the fashion ecosystem. The final section explores <strong>industrial innovations<\/strong>, featuring collaborations with companies such as Living Ink, MIRUM and Infinited Fiber Company, among others. These partnerships reveal how next-generation solutions are not simply conceptual, but are actively integrated into market-ready collections.<\/p>\n<div class=\"wp-block-image\">\n<figure class=\"aligncenter size-large is-resized\"><a href=\"https:\/\/pearlsmagazine.com\/webvieja\/wp-content\/uploads\/2024\/02\/Patchwork-family-683x1024.jpeg\" rel=\"lightbox[34585]\"><img loading=\"lazy\" decoding=\"async\" width=\"683\" height=\"1024\" src=\"https:\/\/pearlsmagazine.com\/webvieja\/wp-content\/uploads\/2024\/02\/Patchwork-family-683x1024.jpeg\" alt=\"\" class=\"wp-image-34578\" style=\"width:541px;height:auto\" srcset=\"https:\/\/pearlsmagazine.com\/webvieja\/wp-content\/uploads\/2024\/02\/Patchwork-family-683x1024.jpeg 683w, https:\/\/pearlsmagazine.com\/webvieja\/wp-content\/uploads\/2024\/02\/Patchwork-family-200x300.jpeg 200w, https:\/\/pearlsmagazine.com\/webvieja\/wp-content\/uploads\/2024\/02\/Patchwork-family-768x1152.jpeg 768w, https:\/\/pearlsmagazine.com\/webvieja\/wp-content\/uploads\/2024\/02\/Patchwork-family-1024x1536.jpeg 1024w, https:\/\/pearlsmagazine.com\/webvieja\/wp-content\/uploads\/2024\/02\/Patchwork-family-1366x2048.jpeg 1366w, https:\/\/pearlsmagazine.com\/webvieja\/wp-content\/uploads\/2024\/02\/Patchwork-family.jpeg 1707w\" sizes=\"auto, (max-width: 683px) 100vw, 683px\" \/><\/a><figcaption class=\"wp-element-caption\">Patchwork Family. Photo: Enzo Bonam<\/figcaption><\/figure>\n<\/div>\n<p>Katrin Ley, Executive Director of Fashion for Good, emphasizes the role of the exhibition in demonstrating that circular fashion is not a distant dream but a present reality. &#8220;<em>What Comes Around Goes Around<\/em>&#8220;not only showcases recent capsule collections incorporating cutting-edge sustainable technologies, but also serves as a call to action for visitors to adopt circular practices in their daily lives.<\/p>\n\n<p>Photos: Elzo Bonam<\/p>\n\n<p><strong><a href=\"https:\/\/fashionforgood.com\" target=\"_blank\" rel=\"noopener\" title=\"Go to the Fashion for Good website\">Go to the Fashion for Good website<\/a><\/strong><\/p>\n\n<p><a href=\"https:\/\/pearlsmagazine.com\/webvieja\/en\" title=\"Read more about ethical fashion in our magazine\">Read more about ethical fashion in our magazine<\/a><\/p>\n","protected":false},"excerpt":{"rendered":"<p>The Fashion for Good Museum in Amsterdam will close its doors and transform into a co-working space starting from June 2024. Fashion for Good announces a strategy aimed at promoting the adoption and scaling of regenerative fashion innovations. This strategy [&hellip;]<\/p>\n","protected":false},"author":1,"featured_media":34582,"comment_status":"closed","ping_status":"open","sticky":false,"template":"","format":"standard","meta":{"om_disable_all_campaigns":false,"_monsterinsights_skip_tracking":false,"_monsterinsights_sitenote_active":false,"_monsterinsights_sitenote_note":"","_monsterinsights_sitenote_category":0,"footnotes":""},"categories":[920],"tags":[1122,1164,1163,925,912,921,967],"class_list":["post-34585","post","type-post","status-publish","format-standard","has-post-thumbnail","hentry","category-trends","tag-circularity","tag-exhibition","tag-fashion-for-good-en","tag-featured","tag-pearlsmagazine-en","tag-sustainable-fashion","tag-sustainable-fashion-en"],"aioseo_notices":[],"_links":{"self":[{"href":"https:\/\/pearlsmagazine.com\/webvieja\/en\/wp-json\/wp\/v2\/posts\/34585","targetHints":{"allow":["GET"]}}],"collection":[{"href":"https:\/\/pearlsmagazine.com\/webvieja\/en\/wp-json\/wp\/v2\/posts"}],"about":[{"href":"https:\/\/pearlsmagazine.com\/webvieja\/en\/wp-json\/wp\/v2\/types\/post"}],"author":[{"embeddable":true,"href":"https:\/\/pearlsmagazine.com\/webvieja\/en\/wp-json\/wp\/v2\/users\/1"}],"replies":[{"embeddable":true,"href":"https:\/\/pearlsmagazine.com\/webvieja\/en\/wp-json\/wp\/v2\/comments?post=34585"}],"version-history":[{"count":3,"href":"https:\/\/pearlsmagazine.com\/webvieja\/en\/wp-json\/wp\/v2\/posts\/34585\/revisions"}],"predecessor-version":[{"id":34590,"href":"https:\/\/pearlsmagazine.com\/webvieja\/en\/wp-json\/wp\/v2\/posts\/34585\/revisions\/34590"}],"wp:featuredmedia":[{"embeddable":true,"href":"https:\/\/pearlsmagazine.com\/webvieja\/en\/wp-json\/wp\/v2\/media\/34582"}],"wp:attachment":[{"href":"https:\/\/pearlsmagazine.com\/webvieja\/en\/wp-json\/wp\/v2\/media?parent=34585"}],"wp:term":[{"taxonomy":"category","embeddable":true,"href":"https:\/\/pearlsmagazine.com\/webvieja\/en\/wp-json\/wp\/v2\/categories?post=34585"},{"taxonomy":"post_tag","embeddable":true,"href":"https:\/\/pearlsmagazine.com\/webvieja\/en\/wp-json\/wp\/v2\/tags?post=34585"}],"curies":[{"name":"wp","href":"https:\/\/api.w.org\/{rel}","templated":true}]}}