{"id":13464,"date":"2023-10-11T17:04:45","date_gmt":"2023-10-11T15:04:45","guid":{"rendered":"https:\/\/pearlsmagazine.com\/webvieja\/?p=13464"},"modified":"2023-10-11T17:06:36","modified_gmt":"2023-10-11T15:06:36","slug":"plateau-fertile-paris-inauguration-prevue-le-17-octobre","status":"publish","type":"post","link":"https:\/\/pearlsmagazine.com\/webvieja\/plateau-fertile-paris-inauguration-prevue-le-17-octobre\/","title":{"rendered":"Plateau Fertile Paris : inauguration pr\u00e9vue le 17 octobre"},"content":{"rendered":"\n<p>Le mardi <strong>17 octobre 2023<\/strong> marquera l&#8217;inauguration du <strong><a href=\"https:\/\/www.fashiongreenhub.org\/plateau-fertile\/\" target=\"_blank\" rel=\"noopener\" title=\"Plateau Fertile Paris\">Plateau Fertile Paris<\/a><\/strong>, un espace novateur situ\u00e9 au c\u0153ur du 13e arrondissement. Soutenu par des institutions telles que l&#8217;ANCT, l&#8217;ADEME IDF, la R\u00e9gion \u00cele-de-France, et la Ville de Paris, ce projet est anim\u00e9 par l&#8217;\u00e9quipe dynamique de Lucas Thivolet Conde Salazar et administr\u00e9 par Fashion Green Hub Grand Paris.<\/p>\n\n\n\n<p><strong><a href=\"https:\/\/www.fashiongreenhub.org\" target=\"_blank\" rel=\"noopener\" title=\"Fashion Green Hub\">Fashion Green Hub<\/a><\/strong> promeut <strong>une mode durable, inclusive, locale et innovante<\/strong>. Cette association \u00e0 but non lucratif fond\u00e9e \u00e0 Roubaix en 2015 par <strong>Annick Jehanne<\/strong>, rassemble aujourd\u2019hui plus de 500 entreprises \u00e0 travers la France et joue un r\u00f4le crucial en unissant les acteurs des fili\u00e8res Mode, Textile, Luxe &amp; Cuir. Elle offre un accompagnement allant de la formation professionnelle \u00e0 l&#8217;animation de r\u00e9seaux d&#8217;experts, pour r\u00e9pondre aux d\u00e9fis croissants de l&#8217;industrie.<\/p>\n\n\n\n<h2 class=\"wp-block-heading\">Un nouveau chapitre dans la mode<\/h2>\n\n\n\n<p>Le Plateau Fertile Paris s&#8217;\u00e9tend sur 342 m\u00b2 au sein de <em>l&#8217;H\u00f4tel Industriel Berlier<\/em>, symbolisant un nouveau chapitre dans l&#8217;\u00e9volution de la mode. Ce deuxi\u00e8me tiers-lieu de Fashion Green Hub, labellis\u00e9 Manufactures de proximit\u00e9 par l&#8217;\u00c9tat, offre aux acteurs franciliens de la mode un espace pour agir collectivement sur la transition environnementale et sociale des fili\u00e8res Mode, Textile, Luxe &amp; Cuir.<\/p>\n\n\n\n<h2 class=\"wp-block-heading\">Quels p\u00f4les d&#8217;activit\u00e9s ?<\/h2>\n\n\n\n<p>Trois p\u00f4les d&#8217;activit\u00e9s sont mis en avant au sein du Plateau Fertile Paris. Tout d\u2019abord, des <strong>formations professionnelles et inclusives <\/strong>:\u00a0des programmes de formation en \u00e9co-conception et mode durable, ainsi que des formations inclusives aux m\u00e9tiers de couturier.es, visant \u00e0 d\u00e9velopper des comp\u00e9tences et \u00e0 favoriser l&#8217;emploi.\u00a0Mais aussi, des <strong>ressources mutualis\u00e9es<\/strong> ont \u00e9t\u00e9 cr\u00e9\u00e9es avec un espace de coworking, des bureaux d&#8217;\u00e9tudes, une mat\u00e9rioth\u00e8que circulaire et durable, ainsi qu&#8217;un studio photo, offrant des ressources partag\u00e9es pour stimuler l&#8217;innovation. Enfin, le r\u00e9seau sera anim\u00e9 avec <strong>la\u00a0coordination de groupes de travail inter-entreprises<\/strong>, l&#8217;organisation d&#8217;\u00e9v\u00e9nements et d&#8217;ateliers physiques et digitaux, contribuant \u00e0 cr\u00e9er une communaut\u00e9 dynamique.<\/p>\n\n\n\n<p>\u00c0 la convergence des \u00e9conomies circulaire et solidaire, le Plateau Fertile Paris a pour but de pr\u00e9server les savoir-faire, promouvoir l&#8217;inclusion sociale et contribuer \u00e0 la r\u00e9industrialisation des fili\u00e8res fran\u00e7aises.&nbsp;Ses formations inclusives favorisent le retour \u00e0 l&#8217;emploi en encourageant de nouvelles pratiques de production, de r\u00e9paration et de transformation.<\/p>\n\n\n\n<p>Photo : Fashion Green Hub<\/p>\n\n\n\n<p><strong><a href=\"https:\/\/www.fashiongreenhub.org\/plateau-fertile\/\" target=\"_blank\" rel=\"noopener\" title=\"Aller sur le site de Plateau Fertile Paris\">Aller sur le site de Plateau Fertile Paris<\/a><\/strong><\/p>\n\n\n\n<p><a href=\"https:\/\/pearlsmagazine.com\/webvieja\" title=\"Retrouvez l'actualit\u00e9 de la mode \u00e9thique dans notre magazine\">Retrouvez l&#8217;actualit\u00e9 de la mode \u00e9thique dans notre magazine<\/a><\/p>\n","protected":false},"excerpt":{"rendered":"<p>Le mardi 17 octobre 2023 marquera l&#8217;inauguration du Plateau Fertile Paris, un espace novateur situ\u00e9 au c\u0153ur du 13e arrondissement. Soutenu par des institutions telles que l&#8217;ANCT, l&#8217;ADEME IDF, la R\u00e9gion \u00cele-de-France, et la Ville de Paris, ce projet est [&hellip;]<\/p>\n","protected":false},"author":1,"featured_media":13465,"comment_status":"closed","ping_status":"open","sticky":false,"template":"","format":"standard","meta":{"om_disable_all_campaigns":false,"_monsterinsights_skip_tracking":false,"_monsterinsights_sitenote_active":false,"_monsterinsights_sitenote_note":"","_monsterinsights_sitenote_category":0,"footnotes":""},"categories":[199],"tags":[233,344,208,259,212,981,348,995],"class_list":["post-13464","post","type-post","status-publish","format-standard","has-post-thumbnail","hentry","category-rencontres","tag-a-la-une","tag-mode","tag-mode-durable","tag-mode-eco-responsable","tag-mode-ethique","tag-paris","tag-pearlsmagazine","tag-plateau-fertile"],"aioseo_notices":[],"_links":{"self":[{"href":"https:\/\/pearlsmagazine.com\/webvieja\/wp-json\/wp\/v2\/posts\/13464","targetHints":{"allow":["GET"]}}],"collection":[{"href":"https:\/\/pearlsmagazine.com\/webvieja\/wp-json\/wp\/v2\/posts"}],"about":[{"href":"https:\/\/pearlsmagazine.com\/webvieja\/wp-json\/wp\/v2\/types\/post"}],"author":[{"embeddable":true,"href":"https:\/\/pearlsmagazine.com\/webvieja\/wp-json\/wp\/v2\/users\/1"}],"replies":[{"embeddable":true,"href":"https:\/\/pearlsmagazine.com\/webvieja\/wp-json\/wp\/v2\/comments?post=13464"}],"version-history":[{"count":3,"href":"https:\/\/pearlsmagazine.com\/webvieja\/wp-json\/wp\/v2\/posts\/13464\/revisions"}],"predecessor-version":[{"id":13470,"href":"https:\/\/pearlsmagazine.com\/webvieja\/wp-json\/wp\/v2\/posts\/13464\/revisions\/13470"}],"wp:featuredmedia":[{"embeddable":true,"href":"https:\/\/pearlsmagazine.com\/webvieja\/wp-json\/wp\/v2\/media\/13465"}],"wp:attachment":[{"href":"https:\/\/pearlsmagazine.com\/webvieja\/wp-json\/wp\/v2\/media?parent=13464"}],"wp:term":[{"taxonomy":"category","embeddable":true,"href":"https:\/\/pearlsmagazine.com\/webvieja\/wp-json\/wp\/v2\/categories?post=13464"},{"taxonomy":"post_tag","embeddable":true,"href":"https:\/\/pearlsmagazine.com\/webvieja\/wp-json\/wp\/v2\/tags?post=13464"}],"curies":[{"name":"wp","href":"https:\/\/api.w.org\/{rel}","templated":true}]}}