{"id":13724,"date":"2023-11-02T13:46:12","date_gmt":"2023-11-02T12:46:12","guid":{"rendered":"https:\/\/pearlsmagazine.com\/webvieja\/?p=13724"},"modified":"2023-11-03T12:20:56","modified_gmt":"2023-11-03T11:20:56","slug":"caroline-gevrey-greeny-bird-dress-nous-souhaitons-devenir-une-reference-en-innovation-textile","status":"publish","type":"post","link":"https:\/\/pearlsmagazine.com\/webvieja\/caroline-gevrey-greeny-bird-dress-nous-souhaitons-devenir-une-reference-en-innovation-textile\/","title":{"rendered":"Caroline Gevrey\u00a0(Greeny Bird Dress)\u00a0:\u00a0&#8220;Nous souhaitons devenir une r\u00e9f\u00e9rence en innovation textile&#8221;"},"content":{"rendered":"\n<p>Passionn\u00e9e de textiles en tous genres, <strong>Caroline Gevrey Lejamble<\/strong> a fond\u00e9 <strong><a href=\"https:\/\/www.greenybirddress.com\" target=\"_blank\" rel=\"noopener\" title=\"Greeny Bird Dress\">Greeny Bird Dress<\/a><\/strong>, un cabinet-conseil en transition \u00e9cologique et de sourcing en textile innovant. \u00c0 34 ans, elle exerce son m\u00e9tier avec cr\u00e9ativit\u00e9 et pragmatisme dans le but d\u2019aider un maximum de marques de mode \u00e0 avoir un impact positif sur l\u2019environnement. Amoureuse du bien-\u00eatre, du sport et du yoga, Caroline adore fl\u00e2ner sur les salons de mode et textile tels que <strong>MarediModa<\/strong>, <strong>Interfili\u00e8re<\/strong>, <strong><a href=\"https:\/\/whosnext.com\" target=\"_blank\" rel=\"noopener\" title=\"Who\u2019sNext\">Who\u2019sNext<\/a><\/strong> ou <strong>Premi\u00e8re Vision<\/strong> afin de rencontrer diff\u00e9rents fournisseurs aux savoirs faire incroyables. Tr\u00e8s intrigu\u00e9e par la <strong>biofabrication<\/strong>, elle a \u00e9galement \u00e9tudi\u00e9 la cr\u00e9ation de textiles \u00e0 base de bact\u00e9ries qu\u2019elle aime transmettre et partager dans des \u00e9coles d\u2019ing\u00e9nieurs textiles et g\u00e9n\u00e9ralistes.<\/p>\n\n\n\n<h2 class=\"wp-block-heading\">Quel a \u00e9t\u00e9 votre parcours ?<\/h2>\n\n\n\n<p>J\u2019ai suivi un Master en management a l\u2019IAE de Lille, puis une \u00e9cole d&#8217;ing\u00e9nieur textile \u00e0 l\u2019ENSAIT de Roubaix. J\u2019ai ensuite travaill\u00e9 dans le retail de mode&nbsp;pendant plus de 15 ans avant de lancer mon entreprise.<\/p>\n\n\n\n<h2 class=\"wp-block-heading\">Comment a \u00e9volu\u00e9 Greeny Bird Dress depuis sa cr\u00e9ation ?<\/h2>\n\n\n\n<p>L\u2019entreprise ne ressemble en rien au projet de d\u00e9part. La cr\u00e9ation d\u2019entreprise est vraiment un chemin incroyable, o\u00f9 l\u2019on peut ajuster son produit et ses prestations en fonction de la conjoncture, des clients, des opportunit\u00e9s. Au d\u00e9but, je m\u2019int\u00e9ressais aux fibres v\u00e9g\u00e9tales, passionn\u00e9e des expositions <strong>FuturoTextile<\/strong> et <strong>Textifood<\/strong>. Aujourd\u2019hui, le d\u00e9veloppement de l\u2019entreprise est issu de beaucoup de travail, de r\u00e9flexions, de frustration, d\u2019\u00e9checs, mais aussi de succ\u00e8s, d\u2019un peu de chance, de rencontres et d\u2019opportunit\u00e9s.&nbsp;<\/p>\n\n\n\n<p>Greeny Bird Dress grandit et son chiffre d\u2019affaires augmente de fa\u00e7on stable. L\u2019entreprise est auto-financ\u00e9e depuis le d\u00e9but et nous proposons aux marques de mode des prestations pour les aider dans l\u2019\u00e9co-conception de leurs produits. Nous organisons aussi des s\u00e9minaires et des conf\u00e9rences sur les th\u00e8mes de la tra\u00e7abilit\u00e9, l\u2019\u00e9co-conception, les nouveaux modes de consommation. Toujours dans le domaine du textile\u00a0: pr\u00eat-\u00e0-porter, chaussures, maroquinerie et lingerie.<\/p>\n\n\n<div class=\"wp-block-image\">\n<figure class=\"aligncenter size-large is-resized\"><a href=\"https:\/\/pearlsmagazine.com\/webvieja\/wp-content\/uploads\/2023\/11\/Caroline-Gevrey-Lejamble-fondatrice-de-Greeny-Bird-Dress.jpg\" rel=\"lightbox[13724]\"><img loading=\"lazy\" decoding=\"async\" width=\"1024\" height=\"683\" src=\"https:\/\/pearlsmagazine.com\/webvieja\/wp-content\/uploads\/2023\/11\/Caroline-Gevrey-Lejamble-fondatrice-de-Greeny-Bird-Dress-1024x683.jpg\" alt=\"\" class=\"wp-image-13725\" style=\"aspect-ratio:1.499267935578331;width:778px;height:auto\" srcset=\"https:\/\/pearlsmagazine.com\/webvieja\/wp-content\/uploads\/2023\/11\/Caroline-Gevrey-Lejamble-fondatrice-de-Greeny-Bird-Dress-1024x683.jpg 1024w, https:\/\/pearlsmagazine.com\/webvieja\/wp-content\/uploads\/2023\/11\/Caroline-Gevrey-Lejamble-fondatrice-de-Greeny-Bird-Dress-300x200.jpg 300w, https:\/\/pearlsmagazine.com\/webvieja\/wp-content\/uploads\/2023\/11\/Caroline-Gevrey-Lejamble-fondatrice-de-Greeny-Bird-Dress-768x512.jpg 768w, https:\/\/pearlsmagazine.com\/webvieja\/wp-content\/uploads\/2023\/11\/Caroline-Gevrey-Lejamble-fondatrice-de-Greeny-Bird-Dress-1536x1024.jpg 1536w\" sizes=\"auto, (max-width: 1024px) 100vw, 1024px\" \/><\/a><figcaption class=\"wp-element-caption\">Caroline Gevrey Lejamble, fondatrice de Greeny Bird Dress.<\/figcaption><\/figure>\n<\/div>\n\n\n<h2 class=\"wp-block-heading\"><strong>Quels outils RSE avez-vous mis en place pour guider au mieux les professionnels de la mode ?<\/strong><\/h2>\n\n\n\n<p>Nous avons mis en place des m\u00e9thodologies de gestion de projet et de planification de roadmap clairs. Nous avons \u00e9galement d\u00e9velopp\u00e9 une fresque de l\u2019\u00e9coconception textile pour aider les marques \u00e0 mieux connaitre l\u2019\u00e9tendue de leurs possibilit\u00e9s afin de cr\u00e9er leur propre roadmap, en fonction de leur ambition strat\u00e9gique.<\/p>\n\n\n\n<h2 class=\"wp-block-heading\"><strong>Quels services sont propos\u00e9s au sein de Greeny Bird Dress&nbsp;?<\/strong><\/h2>\n\n\n\n<p>Nous aidons les marques \u00e0 avoir une meilleure connaissance de leurs mati\u00e8res textiles et de leurs alternatives durables, mais aussi \u00e0 cr\u00e9er des strat\u00e9gies de fili\u00e8re tra\u00e7abilit\u00e9 textile. Nous formons les \u00e9quipes \u00e0 mieux connaitre leurs mati\u00e8res, pour mieux les vendre. Par ailleurs, nous r\u00e9alisons des workshops en textiles innovants pour d\u00e9velopper l\u2019inspiration de nos clients et nous dispensons des conf\u00e9rences dans les domaines de l\u2019\u00e9co-conception textile, la tra\u00e7abilit\u00e9 et l\u2019affichage environnemental.<\/p>\n\n\n\n<h2 class=\"wp-block-heading\"><strong>Quels types de mat\u00e9riaux proposez-vous&nbsp;?&nbsp;<\/strong><\/h2>\n\n\n\n<p>Nous proposons des alternatives aux cuirs avec une analyse d\u2019impact, des mati\u00e8res 100 pour cent recycl\u00e9es et recyclables \u00e0 l\u2019infini, des teintures moins nocives pour l\u2019environnement et des mati\u00e8res biosourc\u00e9es et biod\u00e9gradables.<\/p>\n\n\n\n<h2 class=\"wp-block-heading\"><strong>Selon vous, quelle serait la marche \u00e0 suivre, pour une jeune entreprise de mode, pour bien d\u00e9velopper ses collections, donner du sens \u00e0 sa production et avoir un <em>business model<\/em> circulaire et durable&nbsp;?<\/strong><\/h2>\n\n\n\n<p>Je dirais qu\u2019il faudrait avant tout faire preuve de bon sens et d\u2019\u00e9thique dans les affaires. Il faut imp\u00e9rativement conna\u00eetre ce que vous achetez (mati\u00e8re, composants, lieu de production, assemblage). Votre produit ne doit avoir aucun secret pour vous, aucune zone d\u2019ombre. Il faut aussi cr\u00e9er des relations de confiance avec toutes vos parties prenantes. Et enfin, il faut investir dans la communication car, aujourd\u2019hui, les nouvelles marques sont entour\u00e9es de concurrents f\u00e9roces\u2026<\/p>\n\n\n\n<h2 class=\"wp-block-heading\"><strong>Que diriez-vous aux entreprises qui souhaitent changer leur <em>business model<\/em>&nbsp;: par o\u00f9 commencer&nbsp;?<\/strong><\/h2>\n\n\n\n<p>Il faut commencer par le parc fournisseur. C\u2019est-\u00e0-dire, identifier le parc, le nettoyer si besoin, l\u2019impliquer et l\u2019accompagner dans la r\u00e9duction des impacts.<\/p>\n\n\n\n<p>Les marques de mode peuvent d\u00e9j\u00e0 nous contacter pour ces \u00e9tapes et aussi pour la suite.<\/p>\n\n\n\n<h2 class=\"wp-block-heading\"><strong>Comment appr\u00e9hendez-vous l\u2019avenir&nbsp;?<\/strong><\/h2>\n\n\n\n<p>Nous sommes fi\u00e8res d\u2019appartenir \u00e0 un \u00e9cosyst\u00e8me vivant et nous y contribuons.<\/p>\n\n\n\n<p>Cette ann\u00e9e, nous avons nou\u00e9 des partenariats strat\u00e9giques et croyons beaucoup en notre \u00e9cosyst\u00e8me pour accro\u00eetre notre croissance.<\/p>\n\n\n\n<p>Nous souhaitons \u00eatre une r\u00e9f\u00e9rence dans l\u2019innovation textile. Nous enrichissons chaque jour notre base de donn\u00e9es et souhaitons contribuer \u00e0 l\u2019ouverture d\u2019esprit en mati\u00e8re d\u2019innovation textile. Pour nous, il est important de continuer \u00e0 mettre en avant tous ces fournisseurs incroyables qui proposent des mati\u00e8res vertueuses pour l\u2019environnement, avec talent et pragmatisme.<\/p>\n\n\n\n<p>Aujourd\u2019hui, notre structure est reconnue parmi les marques de mode. Et<strong>&nbsp;<\/strong>nous allons capitaliser sur tout ce que nous avons mis en place pour aider les marques. Par exemple, avec une prestation autour des sujets mati\u00e8res textiles, de l\u2019\u00e9coconception, des conseils et prises de hauteur sur l\u2019\u00e9conomie circulaire.<\/p>\n\n\n\n<p>L\u2019id\u00e9e serait de proposer encore plus de workshops en textile innovants, pour inspirer nos marques de mode fran\u00e7aise. Nous souhaitons aussi leur proposer un programme complet avec la fresque de l\u2019\u00e9coconception, qui comprendrait des constats, des propositions, des solutions et des roadmaps&nbsp;pour pouvoir, comme le petit colibri, faire notre part.<\/p>\n\n\n\n<p>Photos : Green Bird Dress<\/p>\n\n\n\n<p><strong><a href=\"https:\/\/www.greenybirddress.com\" target=\"_blank\" rel=\"noopener\" title=\"Aller sur le site de Greeny Bird Dress\">Aller sur le site de Greeny Bird Dress<\/a><\/strong><\/p>\n\n\n\n<p><a href=\"https:\/\/pearlsmagazine.com\/webvieja\" title=\"Retrouvez l'actualit\u00e9 de la mode \u00e9thique dans notre magazine\">Retrouvez l&#8217;actualit\u00e9 de la mode \u00e9thique dans notre magazine<\/a><\/p>\n","protected":false},"excerpt":{"rendered":"<p>Passionn\u00e9e de textiles en tous genres, Caroline Gevrey Lejamble a fond\u00e9 Greeny Bird Dress, un cabinet-conseil en transition \u00e9cologique et de sourcing en textile innovant. \u00c0 34 ans, elle exerce son m\u00e9tier avec cr\u00e9ativit\u00e9 et pragmatisme dans le but d\u2019aider [&hellip;]<\/p>\n","protected":false},"author":1,"featured_media":13731,"comment_status":"closed","ping_status":"open","sticky":false,"template":"","format":"standard","meta":{"om_disable_all_campaigns":false,"_monsterinsights_skip_tracking":false,"_monsterinsights_sitenote_active":false,"_monsterinsights_sitenote_note":"","_monsterinsights_sitenote_category":0,"footnotes":""},"categories":[199],"tags":[1015,1017,273,246,344,208,409,212,348,281,577],"class_list":["post-13724","post","type-post","status-publish","format-standard","has-post-thumbnail","hentry","category-rencontres","tag-biofabrication","tag-ecoconception-2","tag-innovation","tag-lead-2","tag-mode","tag-mode-durable","tag-mode-ecoresponsable","tag-mode-ethique","tag-pearlsmagazine","tag-recyclage","tag-textile"],"aioseo_notices":[],"_links":{"self":[{"href":"https:\/\/pearlsmagazine.com\/webvieja\/wp-json\/wp\/v2\/posts\/13724","targetHints":{"allow":["GET"]}}],"collection":[{"href":"https:\/\/pearlsmagazine.com\/webvieja\/wp-json\/wp\/v2\/posts"}],"about":[{"href":"https:\/\/pearlsmagazine.com\/webvieja\/wp-json\/wp\/v2\/types\/post"}],"author":[{"embeddable":true,"href":"https:\/\/pearlsmagazine.com\/webvieja\/wp-json\/wp\/v2\/users\/1"}],"replies":[{"embeddable":true,"href":"https:\/\/pearlsmagazine.com\/webvieja\/wp-json\/wp\/v2\/comments?post=13724"}],"version-history":[{"count":4,"href":"https:\/\/pearlsmagazine.com\/webvieja\/wp-json\/wp\/v2\/posts\/13724\/revisions"}],"predecessor-version":[{"id":13739,"href":"https:\/\/pearlsmagazine.com\/webvieja\/wp-json\/wp\/v2\/posts\/13724\/revisions\/13739"}],"wp:featuredmedia":[{"embeddable":true,"href":"https:\/\/pearlsmagazine.com\/webvieja\/wp-json\/wp\/v2\/media\/13731"}],"wp:attachment":[{"href":"https:\/\/pearlsmagazine.com\/webvieja\/wp-json\/wp\/v2\/media?parent=13724"}],"wp:term":[{"taxonomy":"category","embeddable":true,"href":"https:\/\/pearlsmagazine.com\/webvieja\/wp-json\/wp\/v2\/categories?post=13724"},{"taxonomy":"post_tag","embeddable":true,"href":"https:\/\/pearlsmagazine.com\/webvieja\/wp-json\/wp\/v2\/tags?post=13724"}],"curies":[{"name":"wp","href":"https:\/\/api.w.org\/{rel}","templated":true}]}}