{"id":13986,"date":"2023-12-04T08:15:36","date_gmt":"2023-12-04T07:15:36","guid":{"rendered":"https:\/\/pearlsmagazine.com\/webvieja\/?p=13986"},"modified":"2023-12-18T18:35:21","modified_gmt":"2023-12-18T17:35:21","slug":"gilles-lasbordes-premiere-vision-la-durabilite-est-un-axe-de-differenciation","status":"publish","type":"post","link":"https:\/\/pearlsmagazine.com\/webvieja\/gilles-lasbordes-premiere-vision-la-durabilite-est-un-axe-de-differenciation\/","title":{"rendered":"Gilles Lasbordes (Premi\u00e8re Vision) : &#8220;La durabilit\u00e9 est un axe de diff\u00e9renciation&#8221;"},"content":{"rendered":"\n<p><strong>Contenu partenaire<\/strong><\/p>\n\n\n\n<p><strong>Premi\u00e8re Vision Paris<\/strong>, le rendez-vous mode bi-annuel incontournable, revient pour pr\u00e9senter toutes les derni\u00e8res tendances mondiales en approvisionnement multi-mati\u00e8res et cr\u00e9er les plus belles collections du <strong>Printemps-\u00c9t\u00e9 2025<\/strong>. Dans sa prochaine \u00e9dition, qui aura lieu <strong>du 6 au 8 f\u00e9vrier 2024<\/strong> au Parc des Expositions de Paris Nord Villepinte, l\u2019\u00e9v\u00e8nement professionnel mettra plus que jamais l\u2019accent sur <strong>la durabilit\u00e9 et les produits et services \u00e9co-con\u00e7us<\/strong>. Nous avons rencontr\u00e9&nbsp;<em>Gilles Lasbordes<\/em>, Directeur G\u00e9n\u00e9ral de&nbsp;<strong>Premi\u00e8re Vision,<\/strong>&nbsp;qui nous d\u00e9taille en avant-premi\u00e8re les nouveaut\u00e9s \u00e9co-responsables \u00e0 d\u00e9couvrir in situ.&nbsp;<\/p>\n\n\n<div class=\"wp-block-image\">\n<figure class=\"aligncenter size-large is-resized\"><a href=\"https:\/\/pearlsmagazine.com\/webvieja\/wp-content\/uploads\/2023\/12\/Gilles-Lasbordes.PremiereVisionjpg.jpg\" rel=\"lightbox[13986]\"><img loading=\"lazy\" decoding=\"async\" width=\"682\" height=\"1024\" src=\"https:\/\/pearlsmagazine.com\/webvieja\/wp-content\/uploads\/2023\/12\/Gilles-Lasbordes.PremiereVisionjpg-682x1024.jpg\" alt=\"\" class=\"wp-image-13987\" style=\"width:526px;height:auto\" srcset=\"https:\/\/pearlsmagazine.com\/webvieja\/wp-content\/uploads\/2023\/12\/Gilles-Lasbordes.PremiereVisionjpg-682x1024.jpg 682w, https:\/\/pearlsmagazine.com\/webvieja\/wp-content\/uploads\/2023\/12\/Gilles-Lasbordes.PremiereVisionjpg-200x300.jpg 200w, https:\/\/pearlsmagazine.com\/webvieja\/wp-content\/uploads\/2023\/12\/Gilles-Lasbordes.PremiereVisionjpg-768x1153.jpg 768w, https:\/\/pearlsmagazine.com\/webvieja\/wp-content\/uploads\/2023\/12\/Gilles-Lasbordes.PremiereVisionjpg.jpg 850w\" sizes=\"auto, (max-width: 682px) 100vw, 682px\" \/><\/a><figcaption class=\"wp-element-caption\">Gilles Lasbordes, Directeur G\u00e9n\u00e9ral de Premi\u00e8re Vision<\/figcaption><\/figure>\n<\/div>\n\n\n<h2 class=\"wp-block-heading\"><strong>En quoi consiste le programme&nbsp;<em>A Better Way<\/em>&nbsp;?<\/strong><\/h2>\n\n\n\n<p>Parmi les diff\u00e9rents outils mis en place, qui permettront de sensibiliser les acheteurs et de leur proposer les derni\u00e8res tendances en mati\u00e8res durables et \u00e9co-responsables, nous avons cr\u00e9\u00e9&nbsp;<em>A Better Way<\/em>. Inaugur\u00e9 en juillet dernier, ce programme propose aux visiteurs de&nbsp;<strong>Premi\u00e8re Vision<\/strong>&nbsp;un guide de visite du salon sous un angle \u00e9coresponsable et pas seulement de mode, secteur qui fait l\u2019histoire de nos 50 ans d\u2019existence.<\/p>\n\n\n\n<p><em>A Better Way<\/em>&nbsp;a \u00e9t\u00e9 pr\u00e9par\u00e9 pendant un an avec les experts du secteur pour essayer de d\u00e9finir les <strong>5 piliers<\/strong> sur lesquels repose le projet, \u00e0 savoir&nbsp;: <strong>Initiatives sociales, Impact de la production, Tra\u00e7abilit\u00e9, Composition des produits\/processus, Cycle de vie des produits et fin de vie.&nbsp;<\/strong><\/p>\n\n\n\n<h2 class=\"wp-block-heading\"><strong>Quelles soci\u00e9t\u00e9s y participent&nbsp;?<\/strong><\/h2>\n\n\n\n<p>Nous avons commenc\u00e9 en juillet 2023 avec 290 soci\u00e9t\u00e9s de tissus, fils et cuir qui avaient volontairement d\u00e9cid\u00e9 de remplir le questionnaire et d\u2019avoir des notes suffisamment bonnes pour int\u00e9grer le programme&nbsp;<em>A Better Way<\/em>&nbsp;avec entre 1 et 5 piliers valid\u00e9s.<\/p>\n\n\n\n<p>Pour f\u00e9vrier, nous continuerons \u00e0 d\u00e9velopper ce programme et nous proposons \u00e0 l\u2019univers&nbsp;Smart Creation, mais aussi au manufacturing, de rejoindre&nbsp;<em>A Better Way<\/em>&nbsp;via ce questionnaire sp\u00e9cifique industriel.&nbsp;<\/p>\n\n\n<div class=\"wp-block-image\">\n<figure class=\"aligncenter size-large is-resized\"><a href=\"https:\/\/pearlsmagazine.com\/webvieja\/wp-content\/uploads\/2023\/12\/PV-PARIS_JULY23_\u00a9AlexGallosi-7539.jpg\" rel=\"lightbox[13986]\"><img loading=\"lazy\" decoding=\"async\" width=\"1024\" height=\"682\" src=\"https:\/\/pearlsmagazine.com\/webvieja\/wp-content\/uploads\/2023\/12\/PV-PARIS_JULY23_\u00a9AlexGallosi-7539-1024x682.jpg\" alt=\"\" class=\"wp-image-13990\" style=\"width:764px;height:auto\" srcset=\"https:\/\/pearlsmagazine.com\/webvieja\/wp-content\/uploads\/2023\/12\/PV-PARIS_JULY23_\u00a9AlexGallosi-7539-1024x682.jpg 1024w, https:\/\/pearlsmagazine.com\/webvieja\/wp-content\/uploads\/2023\/12\/PV-PARIS_JULY23_\u00a9AlexGallosi-7539-300x200.jpg 300w, https:\/\/pearlsmagazine.com\/webvieja\/wp-content\/uploads\/2023\/12\/PV-PARIS_JULY23_\u00a9AlexGallosi-7539-768x512.jpg 768w, https:\/\/pearlsmagazine.com\/webvieja\/wp-content\/uploads\/2023\/12\/PV-PARIS_JULY23_\u00a9AlexGallosi-7539-1536x1024.jpg 1536w, https:\/\/pearlsmagazine.com\/webvieja\/wp-content\/uploads\/2023\/12\/PV-PARIS_JULY23_\u00a9AlexGallosi-7539.jpg 1772w\" sizes=\"auto, (max-width: 1024px) 100vw, 1024px\" \/><\/a><figcaption class=\"wp-element-caption\">Premi\u00e8re Vision Juillet 2023 &#8211; \u00a9AlexGallosi<\/figcaption><\/figure>\n<\/div>\n\n\n<h2 class=\"wp-block-heading\"><strong>Quels types de labels et de certifications sont \u00e9ligibles pour ce programme&nbsp;?<\/strong><\/h2>\n\n\n\n<p>Le questionnaire remis aux entreprises, qui est la porte d\u2019entr\u00e9e au programme&nbsp;<em>A Better Way<\/em>, repose sur deux aspects.&nbsp;Il y a tout d\u2019abord les 5 piliers que nous venons de citer, puis il y a les labels et les certifications.&nbsp;<\/p>\n\n\n\n<p>De fait, nous avons identifi\u00e9 une quinzaine de labels et certifications, sur un audit de 400 entreprises. Et au final, nous retenons ceux qui sont solides, ind\u00e9pendants et plut\u00f4t internationaux. Le but \u00e9tant de voir si ces entreprises font les choses de fa\u00e7on un peu plus responsable que les autres\u2026<\/p>\n\n\n\n<p>Ce principe est d\u00e9claratif et nos audits sont r\u00e9alis\u00e9s avec une soci\u00e9t\u00e9 externe sp\u00e9cialis\u00e9e aupr\u00e8s des entreprises qui veulent rejoindre le programme. Pour l\u2019instant, nous avons fix\u00e9 \u00e0 10 pour cent le taux de v\u00e9rification pour la v\u00e9racit\u00e9 des donn\u00e9es apport\u00e9es.<\/p>\n\n\n\n<h2 class=\"wp-block-heading\"><strong>Les entreprises qui ont int\u00e9gr\u00e9&nbsp;<em>A Better Way<\/em>&nbsp;en juillet dernier doivent-elles r\u00e9pondre une nouvelle fois au questionnaire&nbsp;?<\/strong><\/h2>\n\n\n\n<p>Non, ces entreprises ne sont pas oblig\u00e9es de r\u00e9pondre au questionnaire tous les six mois. Certaines, entre l\u2019\u00e9dition de juillet 2023 et f\u00e9vrier 2024, ont d\u2019ailleurs am\u00e9lior\u00e9 des choses sur leur cha\u00eene de production donc elles vont redonner de nouvelles informations et peuvent gagner un pilier de plus.&nbsp;<\/p>\n\n\n<div class=\"wp-block-image\">\n<figure class=\"aligncenter size-full\"><a href=\"https:\/\/pearlsmagazine.com\/webvieja\/wp-content\/uploads\/2023\/12\/PV-PARIS_JULY23_\u00a9FrancoisDurand-201881.jpg\" rel=\"lightbox[13986]\"><img loading=\"lazy\" decoding=\"async\" width=\"689\" height=\"459\" src=\"https:\/\/pearlsmagazine.com\/webvieja\/wp-content\/uploads\/2023\/12\/PV-PARIS_JULY23_\u00a9FrancoisDurand-201881.jpg\" alt=\"\" class=\"wp-image-13993\" srcset=\"https:\/\/pearlsmagazine.com\/webvieja\/wp-content\/uploads\/2023\/12\/PV-PARIS_JULY23_\u00a9FrancoisDurand-201881.jpg 689w, https:\/\/pearlsmagazine.com\/webvieja\/wp-content\/uploads\/2023\/12\/PV-PARIS_JULY23_\u00a9FrancoisDurand-201881-300x200.jpg 300w\" sizes=\"auto, (max-width: 689px) 100vw, 689px\" \/><\/a><figcaption class=\"wp-element-caption\">Premi\u00e8re Vision Juillet 2023 &#8211; \u00a9FrancoisDurand<\/figcaption><\/figure>\n<\/div>\n\n\n<blockquote class=\"wp-block-quote is-layout-flow wp-block-quote-is-layout-flow\">\n<p> <em>\u00ab&nbsp;La prise de conscience est l\u00e0&nbsp;dans le secteur en B2B,&nbsp;en revanche le passage \u00e0 l\u2019acte est plus compliqu\u00e9&nbsp;\u00bb<\/em><\/p>\n<\/blockquote>\n\n\n\n<h2 class=\"wp-block-heading\"><strong>Y a-t-il du nouveau concernant les entreprises de stocks dormants&nbsp;?<\/strong><\/h2>\n\n\n\n<p>Dans l\u2019espace&nbsp;<em>Smart&nbsp;Cr\u00e9ation<\/em>, nous avons d\u00e9j\u00e0 la pr\u00e9sence de quelques entreprises de stocks dormants comme Nona Source et Adapta. En f\u00e9vrier, nous accueillerons l\u2019Atelier des mati\u00e8res (cr\u00e9\u00e9 par la Maison Chanel en 2019) ainsi qu\u2019une zone d\u00e9di\u00e9e \u00e0 nos exposants qui voudront embrasser cette strat\u00e9gie commerciale et proposer des solutions.<\/p>\n\n\n\n<p>Lors de notre derni\u00e8re \u00e9dition de juillet, un parcours avait \u00e9t\u00e9 propos\u00e9 \u00e0 nos exposants qui voulaient des stocks dormants. Cette ann\u00e9e, on va grossir ce parcours et proposer des produits disponibles pour les acheteurs.<\/p>\n\n\n\n<p>Les stocks dormants sont surtout utilis\u00e9s par les jeunes marques qui recherchent des tissus de haute qualit\u00e9. Nous sommes partenaire du Festival de Hy\u00e8res et nous voyons les jeunes marques qui ont du mal \u00e0 trouver des mati\u00e8res car elles n\u2019ont pas de gros volumes. C\u2019est une d\u00e9marche \u00e9co-responsable et sans les contraintes industrielles que l\u2019on pourrait avoir.<\/p>\n\n\n<div class=\"wp-block-image\">\n<figure class=\"aligncenter size-full\"><a href=\"https:\/\/pearlsmagazine.com\/webvieja\/wp-content\/uploads\/2023\/12\/PV-PARIS_JULY23_\u00a9FrancoisDurand-101058.jpg\" rel=\"lightbox[13986]\"><img loading=\"lazy\" decoding=\"async\" width=\"689\" height=\"459\" src=\"https:\/\/pearlsmagazine.com\/webvieja\/wp-content\/uploads\/2023\/12\/PV-PARIS_JULY23_\u00a9FrancoisDurand-101058.jpg\" alt=\"\" class=\"wp-image-13996\" srcset=\"https:\/\/pearlsmagazine.com\/webvieja\/wp-content\/uploads\/2023\/12\/PV-PARIS_JULY23_\u00a9FrancoisDurand-101058.jpg 689w, https:\/\/pearlsmagazine.com\/webvieja\/wp-content\/uploads\/2023\/12\/PV-PARIS_JULY23_\u00a9FrancoisDurand-101058-300x200.jpg 300w\" sizes=\"auto, (max-width: 689px) 100vw, 689px\" \/><\/a><figcaption class=\"wp-element-caption\">Premi\u00e8re Vision Juillet 2023 &#8211; \u00a9FrancoisDurand<\/figcaption><\/figure>\n<\/div>\n\n\n<h2 class=\"wp-block-heading\"><strong>Que pr\u00e9voyez-vous pour la fili\u00e8re cuir cette ann\u00e9e&nbsp;?<\/strong><\/h2>\n\n\n\n<p>Nous promouvons la fili\u00e8re cuir et tous les efforts qu\u2019elle fait pour \u00eatre plus \u00e9co responsable et nous promouvons aussi les mati\u00e8res alternatives. En f\u00e9vrier, la partie cuir attend environ 150 exposants dans le Hall 3. Nous allons essayer de valoriser la fili\u00e8re compl\u00e8te. Avec des talks et des conf\u00e9rences, nous allons aborder toutes les \u00e9tapes avant la tannerie et accueillir des acteurs qui vont venir parler de l\u2019\u00e9levage&nbsp;: comment ils ont am\u00e9lior\u00e9 la qualit\u00e9 d\u2019\u00e9levage des animaux, des \u00e9levages en France qui sont faits dans des bonnes conditions, la qualit\u00e9 des aliments que les animaux mangent et qui, dans ce cas, auront une r\u00e9percussion sur la qualit\u00e9 des d\u00e9chets de l\u2019industries (les peaux).<\/p>\n\n\n\n<p>Ils \u00e9voqueront aussi comment procurer un bon revenu aux \u00e9leveurs, car ce sont des \u00e9levages de petites tailles.<\/p>\n\n\n\n<p>Pour nourrir le d\u00e9bat, nous recevrons \u00e9galement des professionnels et experts de l\u2019environnement et de la technologie. Ils parleront de tra\u00e7abilit\u00e9 depuis la naissance de l\u2019animal jusqu\u2019au produit fini, mais aussi de l\u2019environnement du secteur de l\u2019\u00e9levage et tous les sujets de ruralit\u00e9 qui y sont li\u00e9s.<\/p>\n\n\n\n<p>Nous pensons qu\u2019aujourd\u2019hui, dans le cadre de la loi AGEC, il faut remonter loin dans la chaine. Comme pour le coton, nous voulons savoir d\u2019o\u00f9 il vient et c\u2019est la m\u00eame chose pour la chaine du cuir. Plus on aura de tra\u00e7abilit\u00e9, meilleurs seront les comportements et les impacts sur l\u2019environnement de la chaine de transformation.&nbsp;<\/p>\n\n\n\n<p>Aujourd\u2019hui, beaucoup d\u2019efforts sont faits pour le bien-\u00eatre animal. Il en est de m\u00eame pour les tanneries avec l\u2019am\u00e9lioration du processus industriel, sans produits chimiques, la r\u00e9cup\u00e9ration des eaux, etc.&nbsp;<\/p>\n\n\n\n<blockquote class=\"wp-block-quote is-layout-flow wp-block-quote-is-layout-flow\">\n<p> <em>\u00ab&nbsp;Les entreprises haut-de-gamme sont celles qui viennent montrer le chemin au reste du march\u00e9&nbsp;\u00bb<\/em><\/p>\n<\/blockquote>\n\n\n\n<h2 class=\"wp-block-heading\"><strong>Concernant l\u2019innovation, comment se positionne Premi\u00e8re Vision aujourd\u2019hui&nbsp;?<\/strong><\/h2>\n\n\n\n<p>Dans la mode il est aujourd\u2019hui primordial de mettre l\u2019accent sur la Recherche et le D\u00e9veloppement (R&amp;D). En parall\u00e8le du mouvement vegan, qui attire en partie les plus jeunes g\u00e9n\u00e9rations, les mati\u00e8res alternatives qui vont substituer le cuir entrent en jeu. D\u2019ailleurs, dans les 5 \u00e0 10 ann\u00e9es \u00e0 venir, il va y avoir \u00e9norm\u00e9ment d\u2019innovations, comme c\u2019est le cas des nouvelles mati\u00e8res cellulaires, encore tr\u00e8s on\u00e9reuses\u2026<\/p>\n\n\n\n<h2 class=\"wp-block-heading\"><strong>Quelle est votre vision des choses&nbsp;: comment ressentez-vous cette transition \u00e9cologique&nbsp;?<\/strong><\/h2>\n\n\n\n<p><em>Je suis forc\u00e9ment tr\u00e8s attentif \u00e0 ces sujets-l\u00e0 de par mon r\u00f4le dans le secteur et ma sensibilit\u00e9 environnementale. Je fais attention \u00e0 ce que j\u2019ach\u00e8te. J\u2019esp\u00e8re aussi que la crise inflationniste et de consommation ne va pas freiner la d\u00e9marche durable qui est en cours, car tous ces investissements de la part des marques et des industriels peuvent para\u00eetre risqu\u00e9s\u2026<\/em><\/p>\n\n\n\n<p><em>N\u00e9anmoins, je crois fermement que la durabilit\u00e9 est un axe de diff\u00e9renciation. En effet, il s\u2019agit bien de changer un \u00e9tat d\u2019esprit qui n\u2019a plus de raison d\u2019\u00eatre. Si vous \u00eates dans la bagarre du prix vous ne changerez jamais. Un prix \u00e9thique \u00e0 hauteur de la qualit\u00e9 que vous proposez, c\u2019est bien pour vous et pour la plan\u00e8te.<\/em><\/p>\n\n\n\n<p>Photos : Premi\u00e8re Vision &#8211; Photo Une : \u00a9FrancoisDurand<\/p>\n\n\n\n<p><strong><a href=\"https:\/\/paris.premierevision.com\/en\/?gad_source=1&amp;gclid=Cj0KCQiAyKurBhD5ARIsALamXaEn-tZR7_n20kGq8WNr4FX5qXTposxUAOWtyw0bVvR2pu2B8t7uoyAaAoSLEALw_wcB&amp;utm_campaign=rpa20241&amp;utm_content=search&amp;utm_medium=cpc&amp;utm_source=google\" target=\"_blank\" rel=\"noopener\" title=\"Aller sur le site de Premi\u00e8re Vision\">Aller sur le site de Premi\u00e8re Vision<\/a><\/strong><\/p>\n\n\n\n<p><a href=\"https:\/\/pearlsmagazine.com\/webvieja\" title=\"Retrouvez l'actualit\u00e9 de la mode \u00e9thique dans notre magazine\">Retrouvez l&#8217;actualit\u00e9 de la mode \u00e9thique dans notre magazine<\/a><\/p>\n","protected":false},"excerpt":{"rendered":"<p>Contenu partenaire Premi\u00e8re Vision Paris, le rendez-vous mode bi-annuel incontournable, revient pour pr\u00e9senter toutes les derni\u00e8res tendances mondiales en approvisionnement multi-mati\u00e8res et cr\u00e9er les plus belles collections du Printemps-\u00c9t\u00e9 2025. Dans sa prochaine \u00e9dition, qui aura lieu du 6 au [&hellip;]<\/p>\n","protected":false},"author":1,"featured_media":14003,"comment_status":"closed","ping_status":"open","sticky":false,"template":"","format":"standard","meta":{"om_disable_all_campaigns":false,"_monsterinsights_skip_tracking":false,"_monsterinsights_sitenote_active":false,"_monsterinsights_sitenote_note":"","_monsterinsights_sitenote_category":0,"footnotes":""},"categories":[199],"tags":[1047,273,246,1048,344,208,409,998,212,348,1046],"class_list":["post-13986","post","type-post","status-publish","format-standard","has-post-thumbnail","hentry","category-rencontres","tag-accessoires","tag-innovation","tag-lead-2","tag-matieres","tag-mode","tag-mode-durable","tag-mode-ecoresponsable","tag-mode-ecoresponsbale","tag-mode-ethique","tag-pearlsmagazine","tag-tissus"],"aioseo_notices":[],"_links":{"self":[{"href":"https:\/\/pearlsmagazine.com\/webvieja\/wp-json\/wp\/v2\/posts\/13986","targetHints":{"allow":["GET"]}}],"collection":[{"href":"https:\/\/pearlsmagazine.com\/webvieja\/wp-json\/wp\/v2\/posts"}],"about":[{"href":"https:\/\/pearlsmagazine.com\/webvieja\/wp-json\/wp\/v2\/types\/post"}],"author":[{"embeddable":true,"href":"https:\/\/pearlsmagazine.com\/webvieja\/wp-json\/wp\/v2\/users\/1"}],"replies":[{"embeddable":true,"href":"https:\/\/pearlsmagazine.com\/webvieja\/wp-json\/wp\/v2\/comments?post=13986"}],"version-history":[{"count":4,"href":"https:\/\/pearlsmagazine.com\/webvieja\/wp-json\/wp\/v2\/posts\/13986\/revisions"}],"predecessor-version":[{"id":14371,"href":"https:\/\/pearlsmagazine.com\/webvieja\/wp-json\/wp\/v2\/posts\/13986\/revisions\/14371"}],"wp:featuredmedia":[{"embeddable":true,"href":"https:\/\/pearlsmagazine.com\/webvieja\/wp-json\/wp\/v2\/media\/14003"}],"wp:attachment":[{"href":"https:\/\/pearlsmagazine.com\/webvieja\/wp-json\/wp\/v2\/media?parent=13986"}],"wp:term":[{"taxonomy":"category","embeddable":true,"href":"https:\/\/pearlsmagazine.com\/webvieja\/wp-json\/wp\/v2\/categories?post=13986"},{"taxonomy":"post_tag","embeddable":true,"href":"https:\/\/pearlsmagazine.com\/webvieja\/wp-json\/wp\/v2\/tags?post=13986"}],"curies":[{"name":"wp","href":"https:\/\/api.w.org\/{rel}","templated":true}]}}