{"id":14080,"date":"2023-12-08T09:10:57","date_gmt":"2023-12-08T08:10:57","guid":{"rendered":"https:\/\/pearlsmagazine.com\/webvieja\/?p=14080"},"modified":"2023-12-08T09:10:58","modified_gmt":"2023-12-08T08:10:58","slug":"julie-hamadouche-responsable-rse-de-bash-nous-visons-les-100-de-matieres-certifiees-dici-2025","status":"publish","type":"post","link":"https:\/\/pearlsmagazine.com\/webvieja\/julie-hamadouche-responsable-rse-de-bash-nous-visons-les-100-de-matieres-certifiees-dici-2025\/","title":{"rendered":"Julie Hamadouche (Responsable RSE de Ba&#038;sh) : \u201cNous visons les 100% de mati\u00e8res certifi\u00e9es d\u2019ici 2025\u201d"},"content":{"rendered":"\n<p>Cette ann\u00e9e, la marque star de Sarah Jessica Parker ou Lily Collins de la s\u00e9rie\u00a0<em>Emily in Paris<\/em>, a f\u00eat\u00e9 ses 20 ans. Une double d\u00e9cennie \u00e0 cr\u00e9er des styles modernes et f\u00e9minins destin\u00e9s \u00e0 toutes les g\u00e9n\u00e9rations et pour toutes les morphologies. Dans cette interview, <strong>Julie Hamadouche<\/strong>, Responsable RSE chez <strong><a href=\"https:\/\/ba-sh.com\/fr\/fr\/\" target=\"_blank\" rel=\"noopener\" title=\"Ba&amp;sh\">Ba&amp;sh<\/a><\/strong>, partage une vision ambitieuse pour la marque, d\u00e9finissant des objectifs clairs pour un avenir plus durable. Avec un parcours acad\u00e9mique allant de Sciences Po Aix \u00e0 Paris Dauphine, elle s&#8217;est sp\u00e9cialis\u00e9e dans la mode responsable, un engagement qu&#8217;elle incarne chez Ba&amp;sh depuis plus de trois ans et demi.<\/p>\n\n\n<div class=\"wp-block-image\">\n<figure class=\"aligncenter size-large\"><a href=\"https:\/\/pearlsmagazine.com\/webvieja\/wp-content\/uploads\/2023\/12\/Julie-Hamadouche.Bash_-1.jpeg\" rel=\"lightbox[14080]\"><img loading=\"lazy\" decoding=\"async\" width=\"682\" height=\"1024\" src=\"https:\/\/pearlsmagazine.com\/webvieja\/wp-content\/uploads\/2023\/12\/Julie-Hamadouche.Bash_-1-682x1024.jpeg\" alt=\"\" class=\"wp-image-14081\" srcset=\"https:\/\/pearlsmagazine.com\/webvieja\/wp-content\/uploads\/2023\/12\/Julie-Hamadouche.Bash_-1-682x1024.jpeg 682w, https:\/\/pearlsmagazine.com\/webvieja\/wp-content\/uploads\/2023\/12\/Julie-Hamadouche.Bash_-1-200x300.jpeg 200w, https:\/\/pearlsmagazine.com\/webvieja\/wp-content\/uploads\/2023\/12\/Julie-Hamadouche.Bash_-1-768x1153.jpeg 768w, https:\/\/pearlsmagazine.com\/webvieja\/wp-content\/uploads\/2023\/12\/Julie-Hamadouche.Bash_-1-1024x1536.jpeg 1024w, https:\/\/pearlsmagazine.com\/webvieja\/wp-content\/uploads\/2023\/12\/Julie-Hamadouche.Bash_-1-1365x2048.jpeg 1365w, https:\/\/pearlsmagazine.com\/webvieja\/wp-content\/uploads\/2023\/12\/Julie-Hamadouche.Bash_-1.jpeg 1476w\" sizes=\"auto, (max-width: 682px) 100vw, 682px\" \/><\/a><figcaption class=\"wp-element-caption\">Julie Hamadouche, Responsable RSE de Ba&amp;sh<\/figcaption><\/figure>\n<\/div>\n\n\n<h2 class=\"wp-block-heading\"><strong>Julie, pour nos lecteurs qui d\u00e9couvrent Ba&amp;sh, pouvez-vous nous pr\u00e9senter la marque et son \u00e9volution depuis sa cr\u00e9ation ?<\/strong><\/h2>\n\n\n\n<p>Ba&amp;sh a \u00e9t\u00e9 fond\u00e9e en 2003 par <strong>Barbara Boccara et Sharon Krief<\/strong>, deux femmes dynamiques ayant eu une vision commune dans le domaine de la mode f\u00e9minine.\u00a0La marque s\u2019est d\u00e9velopp\u00e9e progressivement, mais rapidement, \u00e9largissant sa pr\u00e9sence notamment en Europe, aux \u00c9tats-Unis et en Chine. Actuellement, Ba&amp;sh est pr\u00e9sente dans plus de 70 pays avec plus de 320 boutiques. Elle se positionne \u00e0 la pointe de l\u2019innovation et de l\u2019engagement responsable, incarnant l&#8217;esprit de sororit\u00e9 et de &#8220;<em>born collective<\/em>&#8220;.<\/p>\n\n\n\n<h2 class=\"wp-block-heading\"><strong>Quelles mati\u00e8res utilise Ba&amp;sh dans ses collections, en mettant l&#8217;accent sur l&#8217;aspect \u00e9co-responsable ?<\/strong><\/h2>\n\n\n\n<p>Nous utilisons une gamme vari\u00e9e de mati\u00e8res telles que <strong>le coton, la laine, la viscose, l&#8217;Ecovero, le Tencel, le cachemire, le cuir<\/strong> et des mati\u00e8res synth\u00e9tiques. Notre priorit\u00e9 est d&#8217;opter pour des fibres issues de l&#8217;agriculture biologique, des fili\u00e8res certifi\u00e9es garantissant le bien-\u00eatre animal, la gestion durable des p\u00e2turages et les fibres recycl\u00e9es.&nbsp;Pour l&#8217;Hiver 2023, 67 pour cent des mati\u00e8res utilis\u00e9es sont certifi\u00e9es, avec des objectifs ambitieux pour atteindre les 100 pour cent d&#8217;ici 2025.<\/p>\n\n\n<div class=\"wp-block-image\">\n<figure class=\"aligncenter size-large is-resized\"><a href=\"https:\/\/pearlsmagazine.com\/webvieja\/wp-content\/uploads\/2023\/12\/Bash.Daji_.Noir_-1.png\" rel=\"lightbox[14080]\"><img loading=\"lazy\" decoding=\"async\" width=\"1024\" height=\"577\" src=\"https:\/\/pearlsmagazine.com\/webvieja\/wp-content\/uploads\/2023\/12\/Bash.Daji_.Noir_-1-1024x577.png\" alt=\"\" class=\"wp-image-14090\" style=\"width:986px;height:auto\" srcset=\"https:\/\/pearlsmagazine.com\/webvieja\/wp-content\/uploads\/2023\/12\/Bash.Daji_.Noir_-1-1024x577.png 1024w, https:\/\/pearlsmagazine.com\/webvieja\/wp-content\/uploads\/2023\/12\/Bash.Daji_.Noir_-1-300x169.png 300w, https:\/\/pearlsmagazine.com\/webvieja\/wp-content\/uploads\/2023\/12\/Bash.Daji_.Noir_-1-768x433.png 768w, https:\/\/pearlsmagazine.com\/webvieja\/wp-content\/uploads\/2023\/12\/Bash.Daji_.Noir_-1.png 1134w\" sizes=\"auto, (max-width: 1024px) 100vw, 1024px\" \/><\/a><\/figure>\n<\/div>\n\n\n<h2 class=\"wp-block-heading\"><strong>O\u00f9 sont produites les collections de Ba&amp;sh et comment g\u00e9rez-vous la conformit\u00e9 sociale dans vos cha\u00eenes de production ?<\/strong><\/h2>\n\n\n\n<p>Nos productions sont r\u00e9parties \u00e0 50 pour cent en proche import (Europe de l\u2019Ouest, Europe de l\u2019Est, Tunisie, Maroc, Turquie) et 50 pour cent en grand import (40 pour cent Chine, 10 pour cent Inde). Nous avons une politique stricte de conformit\u00e9 sociale appliqu\u00e9e \u00e0 tous nos sites de production. Nous veillons \u00e0 la signature de notre code de conduite par nos ateliers, \u00e0 des audits sociaux r\u00e9guliers, et nous accompagnons nos fournisseurs dans la mise en place de plans d\u2019action correctifs.<\/p>\n\n\n<div class=\"wp-block-image\">\n<figure class=\"aligncenter size-full\"><a href=\"https:\/\/pearlsmagazine.com\/webvieja\/wp-content\/uploads\/2023\/12\/Zeno.Anthracite.Bash_-1.png\" rel=\"lightbox[14080]\"><img loading=\"lazy\" decoding=\"async\" width=\"992\" height=\"559\" src=\"https:\/\/pearlsmagazine.com\/webvieja\/wp-content\/uploads\/2023\/12\/Zeno.Anthracite.Bash_-1.png\" alt=\"\" class=\"wp-image-14087\" srcset=\"https:\/\/pearlsmagazine.com\/webvieja\/wp-content\/uploads\/2023\/12\/Zeno.Anthracite.Bash_-1.png 992w, https:\/\/pearlsmagazine.com\/webvieja\/wp-content\/uploads\/2023\/12\/Zeno.Anthracite.Bash_-1-300x169.png 300w, https:\/\/pearlsmagazine.com\/webvieja\/wp-content\/uploads\/2023\/12\/Zeno.Anthracite.Bash_-1-768x433.png 768w\" sizes=\"auto, (max-width: 992px) 100vw, 992px\" \/><\/a><\/figure>\n<\/div>\n\n\n<h2 class=\"wp-block-heading\"><strong>Quand Ba&amp;sh a-t-elle mis en place son d\u00e9partement RSE ?<\/strong><\/h2>\n\n\n\n<p>Avant 2020, des ambassadeurs RSE et le Directeur de la Strat\u00e9gie, de la Transformation &amp; DD ont commenc\u00e9 \u00e0 travailler sur le sujet. C&#8217;est \u00e0 partir de 2020, avec mon arriv\u00e9e, qu&#8217;un d\u00e9partement RSE a \u00e9t\u00e9 form\u00e9, comptant aujourd&#8217;hui 6 personnes d\u00e9di\u00e9es \u00e0 100 pour cent \u00e0 ces enjeux.<\/p>\n\n\n\n<h2 class=\"wp-block-heading\"><strong>Quelles sont les strat\u00e9gies et actions RSE que Ba&amp;sh a mises en place jusqu&#8217;\u00e0 pr\u00e9sent ?<\/strong><\/h2>\n\n\n\n<p>La strat\u00e9gie RSE de Ba&amp;sh repose sur 5 piliers : climat &amp; biodiversit\u00e9, mati\u00e8res &amp; sourcing responsable, conformit\u00e9 sociale &amp; tra\u00e7abilit\u00e9, circularit\u00e9 et communaut\u00e9 (D&amp;I, philanthropie, \u2026). Nous avons r\u00e9duit notre empreinte carbone de 15 pour cent en 2022, mis en place des initiatives de tra\u00e7abilit\u00e9, lanc\u00e9 une plateforme de seconde main, et d\u00e9ploy\u00e9 diverses actions pour promouvoir la diversit\u00e9 et l&#8217;inclusion.<\/p>\n\n\n\n<h2 class=\"wp-block-heading\"><strong>Quels outils utilisez-vous pour offrir plus de transparence \u00e0 vos clients concernant la cha\u00eene d\u2019approvisionnement et de production ?<\/strong><\/h2>\n\n\n\n<p>Nous collaborons avec Fairly Made pour la tra\u00e7abilit\u00e9 et la mesure d&#8217;impact.&nbsp;En parall\u00e8le, nous cartographions nos fournisseurs, sites de production et sous-traitants, et leurs processus, pour assurer une tra\u00e7abilit\u00e9 maximale.<\/p>\n\n\n<div class=\"wp-block-image\">\n<figure class=\"aligncenter size-large is-resized\"><a href=\"https:\/\/pearlsmagazine.com\/webvieja\/wp-content\/uploads\/2023\/12\/Bash.FairlyMade-1.png\" rel=\"lightbox[14080]\"><img loading=\"lazy\" decoding=\"async\" width=\"604\" height=\"1024\" src=\"https:\/\/pearlsmagazine.com\/webvieja\/wp-content\/uploads\/2023\/12\/Bash.FairlyMade-1-604x1024.png\" alt=\"\" class=\"wp-image-14084\" style=\"width:438px;height:auto\" srcset=\"https:\/\/pearlsmagazine.com\/webvieja\/wp-content\/uploads\/2023\/12\/Bash.FairlyMade-1-604x1024.png 604w, https:\/\/pearlsmagazine.com\/webvieja\/wp-content\/uploads\/2023\/12\/Bash.FairlyMade-1-177x300.png 177w, https:\/\/pearlsmagazine.com\/webvieja\/wp-content\/uploads\/2023\/12\/Bash.FairlyMade-1.png 626w\" sizes=\"auto, (max-width: 604px) 100vw, 604px\" \/><\/a><\/figure>\n<\/div>\n\n\n<h2 class=\"wp-block-heading\"><strong>Quels sont les projets RSE \u00e0 venir pour Ba&amp;sh ?<\/strong><\/h2>\n\n\n\n<p>Nous visons la conformit\u00e9 \u00e0 de nouvelles r\u00e9glementations, la r\u00e9duction continue de notre empreinte carbone, la d\u00e9carbonation de nos cha\u00eenes d&#8217;approvisionnement, la transition vers des pratiques agricoles r\u00e9g\u00e9n\u00e9ratrices, et des programmes visant \u00e0 r\u00e9duire l&#8217;utilisation de produits chimiques, ainsi que l&#8217;expansion de notre offre de seconde main.<\/p>\n\n\n\n<p>Photos : Ba&amp;sh<\/p>\n\n\n\n<p><strong><a href=\"https:\/\/ba-sh.com\/fr\/fr\/\" target=\"_blank\" rel=\"noopener\" title=\"Aller sur le site de Ba&amp;sh\">Aller sur le site de Ba&amp;sh<\/a><\/strong><\/p>\n\n\n\n<p><a href=\"https:\/\/pearlsmagazine.com\/webvieja\" title=\"Retrouvez l'actualit\u00e9 de la mode \u00e9thique dans notre magazine\">Retrouvez l&#8217;actualit\u00e9 de la mode \u00e9thique dans notre magazine<\/a><\/p>\n","protected":false},"excerpt":{"rendered":"<p>Cette ann\u00e9e, la marque star de Sarah Jessica Parker ou Lily Collins de la s\u00e9rie\u00a0Emily in Paris, a f\u00eat\u00e9 ses 20 ans. Une double d\u00e9cennie \u00e0 cr\u00e9er des styles modernes et f\u00e9minins destin\u00e9s \u00e0 toutes les g\u00e9n\u00e9rations et pour toutes [&hellip;]<\/p>\n","protected":false},"author":1,"featured_media":14093,"comment_status":"closed","ping_status":"open","sticky":false,"template":"","format":"standard","meta":{"om_disable_all_campaigns":false,"_monsterinsights_skip_tracking":false,"_monsterinsights_sitenote_active":false,"_monsterinsights_sitenote_note":"","_monsterinsights_sitenote_category":0,"footnotes":""},"categories":[199],"tags":[245,344,208,409,212,348,984],"class_list":["post-14080","post","type-post","status-publish","format-standard","has-post-thumbnail","hentry","category-rencontres","tag-lead-1","tag-mode","tag-mode-durable","tag-mode-ecoresponsable","tag-mode-ethique","tag-pearlsmagazine","tag-rse"],"aioseo_notices":[],"_links":{"self":[{"href":"https:\/\/pearlsmagazine.com\/webvieja\/wp-json\/wp\/v2\/posts\/14080","targetHints":{"allow":["GET"]}}],"collection":[{"href":"https:\/\/pearlsmagazine.com\/webvieja\/wp-json\/wp\/v2\/posts"}],"about":[{"href":"https:\/\/pearlsmagazine.com\/webvieja\/wp-json\/wp\/v2\/types\/post"}],"author":[{"embeddable":true,"href":"https:\/\/pearlsmagazine.com\/webvieja\/wp-json\/wp\/v2\/users\/1"}],"replies":[{"embeddable":true,"href":"https:\/\/pearlsmagazine.com\/webvieja\/wp-json\/wp\/v2\/comments?post=14080"}],"version-history":[{"count":2,"href":"https:\/\/pearlsmagazine.com\/webvieja\/wp-json\/wp\/v2\/posts\/14080\/revisions"}],"predecessor-version":[{"id":14103,"href":"https:\/\/pearlsmagazine.com\/webvieja\/wp-json\/wp\/v2\/posts\/14080\/revisions\/14103"}],"wp:featuredmedia":[{"embeddable":true,"href":"https:\/\/pearlsmagazine.com\/webvieja\/wp-json\/wp\/v2\/media\/14093"}],"wp:attachment":[{"href":"https:\/\/pearlsmagazine.com\/webvieja\/wp-json\/wp\/v2\/media?parent=14080"}],"wp:term":[{"taxonomy":"category","embeddable":true,"href":"https:\/\/pearlsmagazine.com\/webvieja\/wp-json\/wp\/v2\/categories?post=14080"},{"taxonomy":"post_tag","embeddable":true,"href":"https:\/\/pearlsmagazine.com\/webvieja\/wp-json\/wp\/v2\/tags?post=14080"}],"curies":[{"name":"wp","href":"https:\/\/api.w.org\/{rel}","templated":true}]}}