{"id":14337,"date":"2023-12-18T18:24:41","date_gmt":"2023-12-18T17:24:41","guid":{"rendered":"https:\/\/pearlsmagazine.com\/webvieja\/?p=14337"},"modified":"2023-12-20T13:17:26","modified_gmt":"2023-12-20T12:17:26","slug":"julien-schmoll-texworld-econogy-finder-notre-nouvel-outil-en-faveur-dune-production-durable","status":"publish","type":"post","link":"https:\/\/pearlsmagazine.com\/webvieja\/julien-schmoll-texworld-econogy-finder-notre-nouvel-outil-en-faveur-dune-production-durable\/","title":{"rendered":"Julien Schmoll (Texworld) : &#8220;Econogy Finder, notre nouvel outil en faveur d&#8217;une production durable&#8221;"},"content":{"rendered":"\n<p><strong>Contenu partenaire<\/strong><\/p>\n\n\n\n<p>Les salons <strong>Texworld<\/strong> et <strong>Apparel Sourcing<\/strong>, qui auront lieu <strong>du 5 au 7 f\u00e9vrier 2024 \u00e0 Paris Porte de Versailles<\/strong>, vont mettre en place de nouvelles actions en faveur de pratiques plus durables. Dans cette interview exclusive pour <em>Pearls magazine<\/em>, <strong>Julien Schmoll<\/strong>, Directeur Marketing et Communication de Messe Frankfurt France, partage sa vision et les avanc\u00e9es de Texworld Evolution vers la durabilit\u00e9. Il expose les initiatives pass\u00e9es et \u00e0 venir, notamment le lancement d\u2019<em>Econogy<\/em>&nbsp;<em>Finder<\/em>, un outil r\u00e9volutionnaire pr\u00e9vu pour&nbsp;&nbsp;janvier 2024.<\/p>\n\n\n<div class=\"wp-block-image\">\n<figure class=\"aligncenter size-large is-resized\"><a href=\"https:\/\/pearlsmagazine.com\/webvieja\/wp-content\/uploads\/2023\/12\/Julien-Schmoll.Texworld.jpg\" rel=\"lightbox[14337]\"><img loading=\"lazy\" decoding=\"async\" width=\"1024\" height=\"683\" src=\"https:\/\/pearlsmagazine.com\/webvieja\/wp-content\/uploads\/2023\/12\/Julien-Schmoll.Texworld-1024x683.jpg\" alt=\"\" class=\"wp-image-14344\" style=\"width:792px;height:auto\" srcset=\"https:\/\/pearlsmagazine.com\/webvieja\/wp-content\/uploads\/2023\/12\/Julien-Schmoll.Texworld-1024x683.jpg 1024w, https:\/\/pearlsmagazine.com\/webvieja\/wp-content\/uploads\/2023\/12\/Julien-Schmoll.Texworld-300x200.jpg 300w, https:\/\/pearlsmagazine.com\/webvieja\/wp-content\/uploads\/2023\/12\/Julien-Schmoll.Texworld-768x512.jpg 768w, https:\/\/pearlsmagazine.com\/webvieja\/wp-content\/uploads\/2023\/12\/Julien-Schmoll.Texworld.jpg 1200w\" sizes=\"auto, (max-width: 1024px) 100vw, 1024px\" \/><\/a><figcaption class=\"wp-element-caption\">Julien Schmoll, Directeur Marketing et Communication de Messe Frankfurt France.<\/figcaption><\/figure>\n<\/div>\n\n\n<h2 class=\"wp-block-heading\"><strong>Bonjour Julien&nbsp;! Pour commencer, comment Texworld Evolution se positionne-t-il actuellement en mati\u00e8re de durabilit\u00e9, et quelles initiatives ont d\u00e9j\u00e0 \u00e9t\u00e9 mises en place&nbsp;?<\/strong><\/h2>\n\n\n\n<p>Bonjour&nbsp;! <strong>Texworld Evolution<\/strong> &#8211; qui regroupe les salons <strong>Texworld, Apparel Sourcing, Avantex et Leatherworld <\/strong>&#8211; s\u2019engage de plus en plus vers la durabilit\u00e9. Nous avons progress\u00e9 significativement en termes d\u2019exposants, bien que ce soit un cheminement progressif. Par le pass\u00e9, nous avions un salon d\u00e9di\u00e9, l\u2019Ethical Fashion Show, mais nous avons transf\u00e9r\u00e9 cette initiative \u00e0 Berlin, consid\u00e9rant que ce salon \u00e9tait encore trop en avance sur ces concepts d\u2019\u00e9thique et de durabilit\u00e9 en France.<\/p>\n\n\n\n<p>Nous travaillons actuellement \u00e0 uniformiser la durabilit\u00e9 sur tous nos salons textiles \u00e0 travers le r\u00e9seau&nbsp;<em>Texpertise<\/em>&nbsp;de Messe Frankfurt. Ce r\u00e9seau relie une cinquantaine de salons dans 12 pays du monde entier, visant \u00e0 promouvoir la durabilit\u00e9 \u00e0 tous les niveaux de la cha\u00eene de valeur, couvrant la recherche et le d\u00e9veloppement, les tissus, l\u2019habillement, la sous-traitance et plus encore, touchant ainsi au moins 500 000 acteurs.<\/p>\n\n\n<div class=\"wp-block-image\">\n<figure class=\"aligncenter size-large is-resized\"><a href=\"https:\/\/pearlsmagazine.com\/webvieja\/wp-content\/uploads\/2023\/12\/Texworld.jpg\" rel=\"lightbox[14337]\"><img loading=\"lazy\" decoding=\"async\" width=\"1024\" height=\"683\" src=\"https:\/\/pearlsmagazine.com\/webvieja\/wp-content\/uploads\/2023\/12\/Texworld-1024x683.jpg\" alt=\"\" class=\"wp-image-14347\" style=\"width:780px;height:auto\" srcset=\"https:\/\/pearlsmagazine.com\/webvieja\/wp-content\/uploads\/2023\/12\/Texworld-1024x683.jpg 1024w, https:\/\/pearlsmagazine.com\/webvieja\/wp-content\/uploads\/2023\/12\/Texworld-300x200.jpg 300w, https:\/\/pearlsmagazine.com\/webvieja\/wp-content\/uploads\/2023\/12\/Texworld-768x512.jpg 768w, https:\/\/pearlsmagazine.com\/webvieja\/wp-content\/uploads\/2023\/12\/Texworld-1536x1024.jpg 1536w\" sizes=\"auto, (max-width: 1024px) 100vw, 1024px\" \/><\/a><\/figure>\n<\/div>\n\n\n<h2 class=\"wp-block-heading\"><strong>Parlez-nous d\u2019Econogy Finder, le nouvel outil d\u00e9di\u00e9 \u00e0 la durabilit\u00e9 pr\u00e9vu pour 2024. Pouvez-vous nous en dire plus \u00e0 ce sujet&nbsp;?<\/strong><\/h2>\n\n\n\n<p>Absolument. Econogy Finder sera mis en place d\u2019abord sur le salon Heimtextil en janvier 2024 puis \u00e0 Paris sur Texworld en f\u00e9vrier. C\u2019est un outil que nous lan\u00e7ons pour mettre en avant les exposants engag\u00e9s dans une production durable. Cet annuaire permettra aux acheteurs de rep\u00e9rer facilement ces exposants et de filtrer leur recherche en fonction de cet engagement. Pour garantir cette durabilit\u00e9, nous avons mis en place un questionnaire auquel r\u00e9pondent les entreprises en fournissant leurs certificats et labels, puis un auditeur externe v\u00e9rifie ces informations.<\/p>\n\n\n\n<h2 class=\"wp-block-heading\"><strong>Quels sont les objectifs de participation pour f\u00e9vrier 2024 en termes d\u2019exposants engag\u00e9s dans une d\u00e9marche \u00e9co-responsable&nbsp;?<\/strong><\/h2>\n\n\n\n<p>Nous attendons environ 1300 exposants pour les salons Texworld et Apparel Sourcing (Avantex et Leatherworld se c\u00e9l\u00e8brent une fois par an, en \u00e9t\u00e9) avec environ 10 pour cent d\u2019exposants engag\u00e9s. Cependant, de nombreuses entreprises qui int\u00e8grent la durabilit\u00e9 dans leur production ne la mettent pas toujours en avant, ce qui peut rendre les chiffres sous-estim\u00e9s.<\/p>\n\n\n<div class=\"wp-block-image\">\n<figure class=\"aligncenter size-large is-resized\"><a href=\"https:\/\/pearlsmagazine.com\/webvieja\/wp-content\/uploads\/2023\/12\/Chine.texworld.jpg\" rel=\"lightbox[14337]\"><img loading=\"lazy\" decoding=\"async\" width=\"1024\" height=\"683\" src=\"https:\/\/pearlsmagazine.com\/webvieja\/wp-content\/uploads\/2023\/12\/Chine.texworld-1024x683.jpg\" alt=\"\" class=\"wp-image-14353\" style=\"width:730px;height:auto\" srcset=\"https:\/\/pearlsmagazine.com\/webvieja\/wp-content\/uploads\/2023\/12\/Chine.texworld-1024x683.jpg 1024w, https:\/\/pearlsmagazine.com\/webvieja\/wp-content\/uploads\/2023\/12\/Chine.texworld-300x200.jpg 300w, https:\/\/pearlsmagazine.com\/webvieja\/wp-content\/uploads\/2023\/12\/Chine.texworld-768x512.jpg 768w, https:\/\/pearlsmagazine.com\/webvieja\/wp-content\/uploads\/2023\/12\/Chine.texworld-1536x1024.jpg 1536w\" sizes=\"auto, (max-width: 1024px) 100vw, 1024px\" \/><\/a><\/figure>\n<\/div>\n\n\n<h2 class=\"wp-block-heading\"><strong>De quelles r\u00e9gions proviennent principalement les exposants, et quels types de produits vont-ils proposer?<\/strong><\/h2>\n\n\n\n<p>Les exposants viennent principalement de pays asiatiques comme le Bangladesh, la Chine, la Cor\u00e9e, l\u2019Inde, l\u2019Indon\u00e9sie, le Pakistan, Ta\u00efwan, la Turquie, mais aussi des pays europ\u00e9ens comme l\u2019Italie, les Pays-bas, le Portugal et les \u00c9tats-Unis, entre autres. En ce qui concerne les produits, ils couvrent un large spectre allant des mati\u00e8res premi\u00e8res aux produits finis, avec une attention particuli\u00e8re cette ann\u00e9e sur les v\u00eatements et tissus durables.<\/p>\n\n\n\n<h2 class=\"wp-block-heading\"><strong>Quels seront les \u00e9l\u00e9ments et conf\u00e9rences ax\u00e9s sur la mode durable que l\u2019on retrouvera en f\u00e9vrier&nbsp;?<\/strong><\/h2>\n\n\n\n<p>Nous pr\u00e9voyons une mise en sc\u00e8ne cr\u00e9ative avec des forums de tendances nomm\u00e9s \u00ab&nbsp;Veritas&nbsp;\u00bb, et des zones de pr\u00e9sentation mettant en valeur les produits des exposants. De plus, notre programme de conf\u00e9rences sera largement ax\u00e9 sur le d\u00e9veloppement durable et les solutions pour l\u2019industrie, pour r\u00e9pondre aux pr\u00e9occupations actuelles du secteur. On proposera, par exemple, des th\u00e8mes tels que&nbsp;:&nbsp;\u00ab&nbsp;Comment tendre vers un futur de la mode z\u00e9ro d\u00e9chet ?&nbsp;\u00bb ou \u00ab&nbsp;Pourquoi et comment communiquer sur son impact social et environnemental&nbsp;?&nbsp;\u00bb.<\/p>\n\n\n<div class=\"wp-block-image\">\n<figure class=\"aligncenter size-large is-resized\"><a href=\"https:\/\/pearlsmagazine.com\/webvieja\/wp-content\/uploads\/2023\/12\/Entree-du-salon.TexworldParis.jpg\" rel=\"lightbox[14337]\"><img loading=\"lazy\" decoding=\"async\" width=\"1024\" height=\"683\" src=\"https:\/\/pearlsmagazine.com\/webvieja\/wp-content\/uploads\/2023\/12\/Entree-du-salon.TexworldParis-1024x683.jpg\" alt=\"\" class=\"wp-image-14350\" style=\"width:728px;height:auto\" srcset=\"https:\/\/pearlsmagazine.com\/webvieja\/wp-content\/uploads\/2023\/12\/Entree-du-salon.TexworldParis-1024x683.jpg 1024w, https:\/\/pearlsmagazine.com\/webvieja\/wp-content\/uploads\/2023\/12\/Entree-du-salon.TexworldParis-300x200.jpg 300w, https:\/\/pearlsmagazine.com\/webvieja\/wp-content\/uploads\/2023\/12\/Entree-du-salon.TexworldParis-768x512.jpg 768w, https:\/\/pearlsmagazine.com\/webvieja\/wp-content\/uploads\/2023\/12\/Entree-du-salon.TexworldParis-1536x1024.jpg 1536w\" sizes=\"auto, (max-width: 1024px) 100vw, 1024px\" \/><\/a><\/figure>\n<\/div>\n\n\n<h2 class=\"wp-block-heading\"><strong>Enfin, quels sont les objectifs de d\u00e9veloppement durable du groupe, notamment sur les prochaines \u00e9ditions parisiennes&nbsp;?<\/strong><\/h2>\n\n\n\n<p>Chez Messe Frankfurt, nous visons la neutralit\u00e9 carbone d\u2019ici 2040 pour nos salons \u00e0 Francfort. Nous avons d\u00e9j\u00e0 obtenu une certification \u00e9quivalente \u00e0 l\u2019ISO 14001 et nous continuons \u00e0 travailler sur des initiatives durables pour servir d\u2019exemple dans notre secteur.<\/p>\n\n\n\n<p>Photos : Messe Frankfurt France<\/p>\n\n\n\n<p><strong><a href=\"https:\/\/texworld-paris.fr.messefrankfurt.com\/paris\/fr.html\" target=\"_blank\" rel=\"noopener\" title=\"Aller sur le site de Texworld\">Aller sur le site de Texworld<\/a><\/strong><\/p>\n\n\n\n<p><a href=\"https:\/\/pearlsmagazine.com\/webvieja\" title=\"Retrouvez l'actualit\u00e9 de la mode \u00e9thique dans notre magazine\">Retrouvez l&#8217;actualit\u00e9 de la mode \u00e9thique dans notre magazine<\/a><\/p>\n\n\n\n<p><\/p>\n","protected":false},"excerpt":{"rendered":"<p>Contenu partenaire Les salons Texworld et Apparel Sourcing, qui auront lieu du 5 au 7 f\u00e9vrier 2024 \u00e0 Paris Porte de Versailles, vont mettre en place de nouvelles actions en faveur de pratiques plus durables. Dans cette interview exclusive pour [&hellip;]<\/p>\n","protected":false},"author":1,"featured_media":14356,"comment_status":"closed","ping_status":"open","sticky":false,"template":"","format":"standard","meta":{"om_disable_all_campaigns":false,"_monsterinsights_skip_tracking":false,"_monsterinsights_sitenote_active":false,"_monsterinsights_sitenote_note":"","_monsterinsights_sitenote_category":0,"footnotes":""},"categories":[199],"tags":[1052,246,1073,208,409,212,981,348,1074,1072,1046],"class_list":["post-14337","post","type-post","status-publish","format-standard","has-post-thumbnail","hentry","category-rencontres","tag-durabilite","tag-lead-2","tag-messe-frankfurt","tag-mode-durable","tag-mode-ecoresponsable","tag-mode-ethique","tag-paris","tag-pearlsmagazine","tag-salons","tag-texworld","tag-tissus"],"aioseo_notices":[],"_links":{"self":[{"href":"https:\/\/pearlsmagazine.com\/webvieja\/wp-json\/wp\/v2\/posts\/14337","targetHints":{"allow":["GET"]}}],"collection":[{"href":"https:\/\/pearlsmagazine.com\/webvieja\/wp-json\/wp\/v2\/posts"}],"about":[{"href":"https:\/\/pearlsmagazine.com\/webvieja\/wp-json\/wp\/v2\/types\/post"}],"author":[{"embeddable":true,"href":"https:\/\/pearlsmagazine.com\/webvieja\/wp-json\/wp\/v2\/users\/1"}],"replies":[{"embeddable":true,"href":"https:\/\/pearlsmagazine.com\/webvieja\/wp-json\/wp\/v2\/comments?post=14337"}],"version-history":[{"count":2,"href":"https:\/\/pearlsmagazine.com\/webvieja\/wp-json\/wp\/v2\/posts\/14337\/revisions"}],"predecessor-version":[{"id":14369,"href":"https:\/\/pearlsmagazine.com\/webvieja\/wp-json\/wp\/v2\/posts\/14337\/revisions\/14369"}],"wp:featuredmedia":[{"embeddable":true,"href":"https:\/\/pearlsmagazine.com\/webvieja\/wp-json\/wp\/v2\/media\/14356"}],"wp:attachment":[{"href":"https:\/\/pearlsmagazine.com\/webvieja\/wp-json\/wp\/v2\/media?parent=14337"}],"wp:term":[{"taxonomy":"category","embeddable":true,"href":"https:\/\/pearlsmagazine.com\/webvieja\/wp-json\/wp\/v2\/categories?post=14337"},{"taxonomy":"post_tag","embeddable":true,"href":"https:\/\/pearlsmagazine.com\/webvieja\/wp-json\/wp\/v2\/tags?post=14337"}],"curies":[{"name":"wp","href":"https:\/\/api.w.org\/{rel}","templated":true}]}}