{"id":21951,"date":"2024-01-15T16:45:58","date_gmt":"2024-01-15T15:45:58","guid":{"rendered":"https:\/\/pearlsmagazine.com\/webvieja\/?p=21951"},"modified":"2024-01-17T09:12:09","modified_gmt":"2024-01-17T08:12:09","slug":"fabricio-mancebo-le-genie-des-marques-qui-transforme-les-visions-en-realite","status":"publish","type":"post","link":"https:\/\/pearlsmagazine.com\/webvieja\/fabricio-mancebo-le-genie-des-marques-qui-transforme-les-visions-en-realite\/","title":{"rendered":"Fabricio Mancebo, le g\u00e9nie des marques qui transforme les visions en r\u00e9alit\u00e9"},"content":{"rendered":"\n<p>Dans le monde passionnant des marques, o\u00f9 la cr\u00e9ativit\u00e9 s&#8217;entrelace avec la strat\u00e9gie, et o\u00f9 la durabilit\u00e9 n&#8217;est plus une option, \u00e9merge un nom qui red\u00e9finit le paysage : Fabricio Mancebo.<\/p>\n\n\n\n<p>\u00c0 28 ans, il d\u00e9butait sa carri\u00e8re en collaborant avec Saatchi &amp; Saatchi, puis en ouvrant sa propre boutique cr\u00e9ative, embrassant depuis chaque exp\u00e9rience avec une passion in\u00e9gal\u00e9e. <strong>Son parcours a \u00e9t\u00e9 un voyage passionnant et rempli de d\u00e9fis<\/strong>, marqu\u00e9 par l&#8217;ouverture \u00e0 de nouvelles opportunit\u00e9s et la recherche constante de d\u00e9fis innovants, au-del\u00e0 des limites de la mode. Ces quatre derni\u00e8res ann\u00e9es, il a travaill\u00e9 sur des projets de marque, de marketing, de durabilit\u00e9 et de circularit\u00e9 avec <em>Ecolife et Desigual, El Ganso, H&amp;M, Diesel, les groupes Kering, Albini et Ternua, Blue Banana, Hugo Boss et Decathlon<\/em>, entre autres. En parall\u00e8le, Fabricio Mancebo est conf\u00e9rencier dans diff\u00e9rentes universit\u00e9s et \u00e9coles de commerce.<\/p>\n\n\n<div class=\"wp-block-image\">\n<figure class=\"aligncenter size-large is-resized\"><a href=\"https:\/\/pearlsmagazine.com\/webvieja\/wp-content\/uploads\/2024\/01\/Fabricio-Mancebo.presentation.jpg\" rel=\"lightbox[21951]\"><img loading=\"lazy\" decoding=\"async\" width=\"1024\" height=\"684\" src=\"https:\/\/pearlsmagazine.com\/webvieja\/wp-content\/uploads\/2024\/01\/Fabricio-Mancebo.presentation-1024x684.jpg\" alt=\"\" class=\"wp-image-22017\" style=\"width:606px;height:auto\" srcset=\"https:\/\/pearlsmagazine.com\/webvieja\/wp-content\/uploads\/2024\/01\/Fabricio-Mancebo.presentation-1024x684.jpg 1024w, https:\/\/pearlsmagazine.com\/webvieja\/wp-content\/uploads\/2024\/01\/Fabricio-Mancebo.presentation-300x200.jpg 300w, https:\/\/pearlsmagazine.com\/webvieja\/wp-content\/uploads\/2024\/01\/Fabricio-Mancebo.presentation-768x513.jpg 768w, https:\/\/pearlsmagazine.com\/webvieja\/wp-content\/uploads\/2024\/01\/Fabricio-Mancebo.presentation.jpg 1400w\" sizes=\"auto, (max-width: 1024px) 100vw, 1024px\" \/><\/a><figcaption class=\"wp-element-caption\">Conf\u00e9rence lors de l&#8217;\u00e9v\u00e8nement Inspiration Day sur le succ\u00e8s de la strat\u00e9gie de marque de Ecolife by Belda Llorens.<\/figcaption><\/figure>\n<\/div>\n\n\n<p>Dans son r\u00f4le de Chief Brand Officer, <strong>il a d\u00e9fi\u00e9 les codes en Espagne<\/strong>, o\u00f9 ce r\u00f4le n&#8217;est pas encore tr\u00e8s courant, contrairement \u00e0 des pays comme le Danemark ou les Pays-Bas. Mancebo n&#8217;occupe pas seulement un poste, il apporte avec lui une m\u00e9thode de travail \u00e9prouv\u00e9e et perfectionn\u00e9e au fil des ans en gestion de marque \u00e0 360 degr\u00e9s avec des r\u00e9sultats suprenants.<\/p>\n\n\n\n<h2 class=\"wp-block-heading\">Du design au branding et au marketing<\/h2>\n\n\n\n<p>Depuis ses d\u00e9buts, Fabricio Mancebo comprend l&#8217;importance strat\u00e9gique d&#8217;une marque de <strong>transformer ce qui est complexe en une id\u00e9e simple mais puissante.<\/strong> Son approche implique une analyse approfondie et la clarification des id\u00e9es pour identifier pr\u00e9cis\u00e9ment les d\u00e9fis. Mais sa comp\u00e9tence distinctive r\u00e9side dans la transformation de cette strat\u00e9gie en une activation \u00e0 360 degr\u00e9s, abordant un plan global qui contribue \u00e0 toutes les parties de l&#8217;entreprise, des personnes \u00e0 la technologie, en passant par l&#8217;innovation, le produit, la durabilit\u00e9 et bien s\u00fbr le design, la communication et le marketing.<\/p>\n\n\n\n<p>&#8220;<em>Pour moi, la marque est au m\u00eame niveau que l&#8217;entreprise et travaille en collaboration avec elle, et le marketing est au service des deux, et non l&#8217;inverse&#8221;<\/em>, souligne Mancebo. <\/p>\n\n\n<div class=\"wp-block-image\">\n<figure class=\"aligncenter size-full is-resized\"><img loading=\"lazy\" decoding=\"async\" width=\"800\" height=\"800\" src=\"https:\/\/pearlsmagazine.com\/webvieja\/wp-content\/uploads\/2024\/01\/Fabricio-Mancebo.Etoile-michelin.jpg\" alt=\"\" class=\"wp-image-22020\" style=\"width:592px;height:auto\" srcset=\"https:\/\/pearlsmagazine.com\/webvieja\/wp-content\/uploads\/2024\/01\/Fabricio-Mancebo.Etoile-michelin.jpg 800w, https:\/\/pearlsmagazine.com\/webvieja\/wp-content\/uploads\/2024\/01\/Fabricio-Mancebo.Etoile-michelin-300x300.jpg 300w, https:\/\/pearlsmagazine.com\/webvieja\/wp-content\/uploads\/2024\/01\/Fabricio-Mancebo.Etoile-michelin-150x150.jpg 150w, https:\/\/pearlsmagazine.com\/webvieja\/wp-content\/uploads\/2024\/01\/Fabricio-Mancebo.Etoile-michelin-768x768.jpg 768w, https:\/\/pearlsmagazine.com\/webvieja\/wp-content\/uploads\/2024\/01\/Fabricio-Mancebo.Etoile-michelin-550x550.jpg 550w\" sizes=\"auto, (max-width: 800px) 100vw, 800px\" \/><figcaption class=\"wp-element-caption\">Avec le chef espagnol Mart\u00edn Bersategui, 12 \u00e9toiles Michelin.<\/figcaption><\/figure>\n<\/div>\n\n\n<p>Sa vision multidisciplinaire englobe la technologie, l&#8217;innovation de produits, la communication, le design, les relations publiques, la durabilit\u00e9, et bien plus encore.&nbsp;L&#8217;expert soutient qu&#8217;<strong>une entreprise doit absorber tous ces composants pour \u00eatre coh\u00e9rente et \u00e9tablir une connexion \u00e9motionnelle avec le consommateur et la soci\u00e9t\u00e9.<\/strong><\/p>\n\n\n\n<p>&#8220;<em>Pour \u00eatre une marque durable, il faut laisser de c\u00f4t\u00e9 l&#8217;\u00e9go\u00efsme et se concentrer davantage sur le b\u00e9n\u00e9fice des personnes, internes et externes \u00e0 l&#8217;entreprise, et sur la soci\u00e9t\u00e9, en plus bien s\u00fbr de l&#8217;ind\u00e9niable orientation vers les affaires&#8221;<\/em>, d\u00e9clare Fabricio Mancebo.<\/p>\n\n\n<div class=\"wp-block-image\">\n<figure class=\"aligncenter size-large is-resized\"><a href=\"https:\/\/pearlsmagazine.com\/webvieja\/wp-content\/uploads\/2024\/01\/Elle.-Fabricio-Mancebo.jpg\" rel=\"lightbox[21951]\"><img loading=\"lazy\" decoding=\"async\" width=\"1024\" height=\"1024\" src=\"https:\/\/pearlsmagazine.com\/webvieja\/wp-content\/uploads\/2024\/01\/Elle.-Fabricio-Mancebo-1024x1024.jpg\" alt=\"\" class=\"wp-image-21979\" style=\"width:642px;height:auto\" srcset=\"https:\/\/pearlsmagazine.com\/webvieja\/wp-content\/uploads\/2024\/01\/Elle.-Fabricio-Mancebo-1024x1024.jpg 1024w, https:\/\/pearlsmagazine.com\/webvieja\/wp-content\/uploads\/2024\/01\/Elle.-Fabricio-Mancebo-300x300.jpg 300w, https:\/\/pearlsmagazine.com\/webvieja\/wp-content\/uploads\/2024\/01\/Elle.-Fabricio-Mancebo-150x150.jpg 150w, https:\/\/pearlsmagazine.com\/webvieja\/wp-content\/uploads\/2024\/01\/Elle.-Fabricio-Mancebo-768x768.jpg 768w, https:\/\/pearlsmagazine.com\/webvieja\/wp-content\/uploads\/2024\/01\/Elle.-Fabricio-Mancebo-1536x1536.jpg 1536w, https:\/\/pearlsmagazine.com\/webvieja\/wp-content\/uploads\/2024\/01\/Elle.-Fabricio-Mancebo-550x550.jpg 550w, https:\/\/pearlsmagazine.com\/webvieja\/wp-content\/uploads\/2024\/01\/Elle.-Fabricio-Mancebo-1100x1100.jpg 1100w\" sizes=\"auto, (max-width: 1024px) 100vw, 1024px\" \/><\/a><figcaption class=\"wp-element-caption\">Au si\u00e8ge de ELLE Espagne, lors de Masterclasses sur la conception d&#8217;espaces et la strat\u00e9gie de marque.<\/figcaption><\/figure>\n<\/div>\n\n\n<p>Form\u00e9 en publicit\u00e9 et avec des programmes et des masters en marque, intelligence artificielle, innovation et architecture, Fabricio Mancebo est toujours \u00e0 la pointe, incorporant des connaissances actualis\u00e9es dans chaque projet. Son engagement envers l&#8217;innovation et la durabilit\u00e9 est \u00e9vident dans son approche de la transition \u00e9cologique. Il met en garde contre le fait que les marques n\u00e9gligent souvent cette n\u00e9cessit\u00e9, soulignant l&#8217;importance de laisser de c\u00f4t\u00e9 l&#8217;\u00e9go\u00efsme et de contribuer \u00e0 la soci\u00e9t\u00e9.<\/p>\n\n\n\n<p>&#8220;<em>Aujourd&#8217;hui, une entreprise ne peut pas na\u00eetre sans une approche et un ADN durables<\/em>&#8220;, explique-t-il. Cet engagement s&#8217;est refl\u00e9t\u00e9 dans son travail avec Ecolife, une marque B2B du groupe textile espagnol Belda Llorens, qu&#8217;il a transform\u00e9e en une force durable dans le secteur de la mode et du textile de maison.<\/p>\n\n\n<div class=\"wp-block-image\">\n<figure class=\"aligncenter size-large is-resized\"><a href=\"https:\/\/pearlsmagazine.com\/webvieja\/wp-content\/uploads\/2024\/01\/Ecolife.jpg\" rel=\"lightbox[21951]\"><img loading=\"lazy\" decoding=\"async\" width=\"1024\" height=\"1024\" src=\"https:\/\/pearlsmagazine.com\/webvieja\/wp-content\/uploads\/2024\/01\/Ecolife-1024x1024.jpg\" alt=\"\" class=\"wp-image-21958\" style=\"width:652px;height:auto\" srcset=\"https:\/\/pearlsmagazine.com\/webvieja\/wp-content\/uploads\/2024\/01\/Ecolife-1024x1024.jpg 1024w, https:\/\/pearlsmagazine.com\/webvieja\/wp-content\/uploads\/2024\/01\/Ecolife-300x300.jpg 300w, https:\/\/pearlsmagazine.com\/webvieja\/wp-content\/uploads\/2024\/01\/Ecolife-150x150.jpg 150w, https:\/\/pearlsmagazine.com\/webvieja\/wp-content\/uploads\/2024\/01\/Ecolife-768x768.jpg 768w, https:\/\/pearlsmagazine.com\/webvieja\/wp-content\/uploads\/2024\/01\/Ecolife-550x550.jpg 550w, https:\/\/pearlsmagazine.com\/webvieja\/wp-content\/uploads\/2024\/01\/Ecolife.jpg 1080w\" sizes=\"auto, (max-width: 1024px) 100vw, 1024px\" \/><\/a><figcaption class=\"wp-element-caption\">Design r\u00e9alis\u00e9 pour une campagne de mode durable.<\/figcaption><\/figure>\n<\/div>\n\n\n<h2 class=\"wp-block-heading\">Savoir construire des h\u00e9ritages<\/h2>\n\n\n\n<p>Avec plus de 17 ans \u00e0 la t\u00eate de strat\u00e9gies, d&#8217;activations de marque, de cr\u00e9ativit\u00e9 et d&#8217;innovation, Mancebo a laiss\u00e9 une empreinte ind\u00e9l\u00e9bile dans le monde des marques. Il a renforc\u00e9 des produits et des entreprises avec de nouvelles strat\u00e9gies, id\u00e9es et activations mondiales, d\u00e9montrant que sa vision multisectorielle et multidisciplinaire est cruciale pour une gestion de marque \u00e0 360 degr\u00e9s.<\/p>\n\n\n\n<p>Fabricio Mancebo n&#8217;a pas seulement \u00e9crit son histoire dans des projets traditionnels de mode et de textile, mais il a \u00e9galement port\u00e9 sa curiosit\u00e9 et sa polyvalence \u00e0 des d\u00e9fis perturbateurs dans des domaines tels que l&#8217;<strong>architecture d&#8217;int\u00e9rieur, la technologie et la conception de produits.<\/strong><\/p>\n\n\n<div class=\"wp-block-image\">\n<figure class=\"aligncenter size-large is-resized\"><a href=\"https:\/\/pearlsmagazine.com\/webvieja\/wp-content\/uploads\/2024\/01\/22The-revolution-of-brands22.-presentation-du-livre.jpg\" rel=\"lightbox[21951]\"><img loading=\"lazy\" decoding=\"async\" width=\"1024\" height=\"768\" src=\"https:\/\/pearlsmagazine.com\/webvieja\/wp-content\/uploads\/2024\/01\/22The-revolution-of-brands22.-presentation-du-livre-1024x768.jpg\" alt=\"\" class=\"wp-image-21982\" style=\"width:646px;height:auto\" srcset=\"https:\/\/pearlsmagazine.com\/webvieja\/wp-content\/uploads\/2024\/01\/22The-revolution-of-brands22.-presentation-du-livre-1024x768.jpg 1024w, https:\/\/pearlsmagazine.com\/webvieja\/wp-content\/uploads\/2024\/01\/22The-revolution-of-brands22.-presentation-du-livre-300x225.jpg 300w, https:\/\/pearlsmagazine.com\/webvieja\/wp-content\/uploads\/2024\/01\/22The-revolution-of-brands22.-presentation-du-livre-768x576.jpg 768w, https:\/\/pearlsmagazine.com\/webvieja\/wp-content\/uploads\/2024\/01\/22The-revolution-of-brands22.-presentation-du-livre-1536x1152.jpg 1536w\" sizes=\"auto, (max-width: 1024px) 100vw, 1024px\" \/><\/a><figcaption class=\"wp-element-caption\">Pr\u00e9sentation du livre &#8220;The Revolution of Brands&#8221;<\/figcaption><\/figure>\n<\/div>\n\n\n<p>En r\u00e9sum\u00e9,<strong> sa vocation n\u2019est pas de construire seulement des marques mais des h\u00e9ritages<\/strong>. Apr\u00e8s avoir publi\u00e9 son premier livre &#8220;<em>The Revolution of Brands<\/em>&#8221; (C\u00edrculo Rojo, 2021), une histoire pleine d&#8217;id\u00e9es et de r\u00e9flexions sur le pr\u00e9sent et l&#8217;avenir des marques, sa m\u00e9thodologie unique est pr\u00eate \u00e0 \u00eatre partag\u00e9e avec le monde \u00e0 travers un deuxi\u00e8me ouvrage qui explorera chaque phase de son processus et comment il peut \u00eatre appliqu\u00e9 pour obtenir le succ\u00e8s.<\/p>\n\n\n\n<p>Photos : Fabricio Mancebo<\/p>\n\n\n\n<p><em>(contenu partenaire)<\/em><\/p>\n\n\n\n<p><strong><a href=\"https:\/\/fabriciomancebo.com\" target=\"_blank\" rel=\"noopener\" title=\"Aller sur le site de Fabricio Mancebo\">Aller sur le site de Fabricio Mancebo<\/a><\/strong><\/p>\n\n\n\n<p><a href=\"https:\/\/pearlsmagazine.com\/webvieja\" title=\"Retrouvez l'actualit\u00e9 de la mode \u00e9thique dans notre magazine\">Retrouvez l&#8217;actualit\u00e9 de la mode \u00e9thique dans notre magazine<\/a><\/p>\n","protected":false},"excerpt":{"rendered":"<p>Dans le monde passionnant des marques, o\u00f9 la cr\u00e9ativit\u00e9 s&#8217;entrelace avec la strat\u00e9gie, et o\u00f9 la durabilit\u00e9 n&#8217;est plus une option, \u00e9merge un nom qui red\u00e9finit le paysage : Fabricio Mancebo. \u00c0 28 ans, il d\u00e9butait sa carri\u00e8re en collaborant [&hellip;]<\/p>\n","protected":false},"author":1,"featured_media":22014,"comment_status":"closed","ping_status":"open","sticky":false,"template":"","format":"standard","meta":{"om_disable_all_campaigns":false,"_monsterinsights_skip_tracking":false,"_monsterinsights_sitenote_active":false,"_monsterinsights_sitenote_note":"","_monsterinsights_sitenote_category":0,"footnotes":""},"categories":[199],"tags":[1092,246,1095,208,409,212,348,1093],"class_list":["post-21951","post","type-post","status-publish","format-standard","has-post-thumbnail","hentry","category-rencontres","tag-fabricio-mancebo","tag-lead-2","tag-marketing","tag-mode-durable","tag-mode-ecoresponsable","tag-mode-ethique","tag-pearlsmagazine","tag-strategie"],"aioseo_notices":[],"_links":{"self":[{"href":"https:\/\/pearlsmagazine.com\/webvieja\/wp-json\/wp\/v2\/posts\/21951","targetHints":{"allow":["GET"]}}],"collection":[{"href":"https:\/\/pearlsmagazine.com\/webvieja\/wp-json\/wp\/v2\/posts"}],"about":[{"href":"https:\/\/pearlsmagazine.com\/webvieja\/wp-json\/wp\/v2\/types\/post"}],"author":[{"embeddable":true,"href":"https:\/\/pearlsmagazine.com\/webvieja\/wp-json\/wp\/v2\/users\/1"}],"replies":[{"embeddable":true,"href":"https:\/\/pearlsmagazine.com\/webvieja\/wp-json\/wp\/v2\/comments?post=21951"}],"version-history":[{"count":4,"href":"https:\/\/pearlsmagazine.com\/webvieja\/wp-json\/wp\/v2\/posts\/21951\/revisions"}],"predecessor-version":[{"id":22023,"href":"https:\/\/pearlsmagazine.com\/webvieja\/wp-json\/wp\/v2\/posts\/21951\/revisions\/22023"}],"wp:featuredmedia":[{"embeddable":true,"href":"https:\/\/pearlsmagazine.com\/webvieja\/wp-json\/wp\/v2\/media\/22014"}],"wp:attachment":[{"href":"https:\/\/pearlsmagazine.com\/webvieja\/wp-json\/wp\/v2\/media?parent=21951"}],"wp:term":[{"taxonomy":"category","embeddable":true,"href":"https:\/\/pearlsmagazine.com\/webvieja\/wp-json\/wp\/v2\/categories?post=21951"},{"taxonomy":"post_tag","embeddable":true,"href":"https:\/\/pearlsmagazine.com\/webvieja\/wp-json\/wp\/v2\/tags?post=21951"}],"curies":[{"name":"wp","href":"https:\/\/api.w.org\/{rel}","templated":true}]}}