{"id":25069,"date":"2024-01-23T14:32:50","date_gmt":"2024-01-23T13:32:50","guid":{"rendered":"https:\/\/pearlsmagazine.com\/webvieja\/?p=25069"},"modified":"2024-01-23T14:58:59","modified_gmt":"2024-01-23T13:58:59","slug":"premiere-vision-paris-revient-pour-3-jours-dinnovation-et-de-tendance","status":"publish","type":"post","link":"https:\/\/pearlsmagazine.com\/webvieja\/premiere-vision-paris-revient-pour-3-jours-dinnovation-et-de-tendance\/","title":{"rendered":"Premi\u00e8re Vision Paris revient pour 3 jours d&#8217;innovation et de tendance"},"content":{"rendered":"\n<p>Avis aux professionnels de la mode, acheteurs, (bio)designers&#8230; Cette nouvelle \u00e9dition sera plus que jamais plac\u00e9e sous le signe de la durabilit\u00e9 ! <strong>Du 6 au 8 f\u00e9vrier 2024<\/strong>, le Parc des Expositions de Paris Nord Villepinte accueillera le retour tant attendu de <strong><a href=\"https:\/\/www.premierevision.com\/fr\/\" target=\"_blank\" rel=\"noopener\" title=\"Premi\u00e8re Vision Paris\">Premi\u00e8re Vision Paris<\/a><\/strong>, l&#8217;\u00e9v\u00e9nement international phare pour les professionnels de la mode cr\u00e9ative. Cette rencontre incontournable pour les leaders de l&#8217;industrie sera l&#8217;occasion de d\u00e9couvrir les derni\u00e8res tendances et innovations pour la saison <strong>Printemps-\u00c9t\u00e9 2025<\/strong>.<\/p>\n\n\n\n<p>Avec pr\u00e8s de 1 200 exposants de 42 pays, dont 73 nouveaux venus, Premi\u00e8re Vision Paris se d\u00e9marque par sa diversit\u00e9 et sa richesse en cr\u00e9ativit\u00e9.&nbsp;L&#8217;organisation en huit univers distincts, tels que <strong>Fils, Tissus, Designs, Accessoires, Fabrication, Cr\u00e9ation Intelligente, Maison d\u2019Exceptions <\/strong>et <strong>Cuir<\/strong>, offre une exp\u00e9rience exhaustive et vari\u00e9e \u00e0 tous les participants.<\/p>\n\n\n<div class=\"wp-block-image\">\n<figure class=\"aligncenter size-full is-resized\"><a href=\"https:\/\/pearlsmagazine.com\/webvieja\/wp-content\/uploads\/2024\/01\/PVParis.png\" rel=\"lightbox[25069]\"><img loading=\"lazy\" decoding=\"async\" width=\"850\" height=\"555\" src=\"https:\/\/pearlsmagazine.com\/webvieja\/wp-content\/uploads\/2024\/01\/PVParis.png\" alt=\"\" class=\"wp-image-25074\" style=\"width:738px;height:auto\" srcset=\"https:\/\/pearlsmagazine.com\/webvieja\/wp-content\/uploads\/2024\/01\/PVParis.png 850w, https:\/\/pearlsmagazine.com\/webvieja\/wp-content\/uploads\/2024\/01\/PVParis-300x196.png 300w, https:\/\/pearlsmagazine.com\/webvieja\/wp-content\/uploads\/2024\/01\/PVParis-768x501.png 768w\" sizes=\"auto, (max-width: 850px) 100vw, 850px\" \/><\/a><\/figure>\n<\/div>\n\n\n<h2 class=\"wp-block-heading\">Le 360\u00ba Cuir : de la ferme \u00e0 la technologie<\/h2>\n\n\n\n<p>L&#8217;un des points forts de cette \u00e9dition est le <strong>360\u00b0 Cuir<\/strong>, une initiative r\u00e9pondant aux nouveaux enjeux de l&#8217;industrie du cuir.&nbsp;Le PV Leather Hub, les Tanneurs Fran\u00e7ais et l&#8217;exposition FFTM x IFM mettent en avant l&#8217;innovation, la technologie et l&#8217;artisanat, soulignant l&#8217;importance de la qualit\u00e9, de la tra\u00e7abilit\u00e9 et de l&#8217;environnement.<\/p>\n\n\n\n<p>Les visiteurs pourront \u00e9galement se plonger dans les tendances mode Printemps-\u00c9t\u00e9 25 \u00e0 travers le <strong>PV Color Book SS25<\/strong>, des analyses de tendances et des forums de mode.&nbsp;Les conf\u00e9rences et pitchs aborderont des sujets cruciaux tels que l&#8217;\u00e9co-responsabilit\u00e9, les strat\u00e9gies d&#8217;approvisionnement et les tendances de la lingerie et des accessoires pour l&#8217;\u00e9t\u00e9 2025.<\/p>\n\n\n<div class=\"wp-block-image\">\n<figure class=\"aligncenter size-full is-resized\"><a href=\"https:\/\/pearlsmagazine.com\/webvieja\/wp-content\/uploads\/2024\/01\/PV.png\" rel=\"lightbox[25069]\"><img loading=\"lazy\" decoding=\"async\" width=\"1020\" height=\"669\" src=\"https:\/\/pearlsmagazine.com\/webvieja\/wp-content\/uploads\/2024\/01\/PV.png\" alt=\"\" class=\"wp-image-25077\" style=\"width:728px;height:auto\" srcset=\"https:\/\/pearlsmagazine.com\/webvieja\/wp-content\/uploads\/2024\/01\/PV.png 1020w, https:\/\/pearlsmagazine.com\/webvieja\/wp-content\/uploads\/2024\/01\/PV-300x197.png 300w, https:\/\/pearlsmagazine.com\/webvieja\/wp-content\/uploads\/2024\/01\/PV-768x504.png 768w\" sizes=\"auto, (max-width: 1020px) 100vw, 1020px\" \/><\/a><\/figure>\n<\/div>\n\n\n<h2 class=\"wp-block-heading\">\u201cA Better Way\u201d pour une mode \u00e9co-responsable<\/h2>\n\n\n\n<p>L&#8217;engagement de Premi\u00e8re Vision Paris pour une mode plus \u00e9co-responsable se renforce avec l&#8217;extension de son programme <strong>\u201cA Better Way\u201d<\/strong>. Des exposants comme Adapta, Nona Source et L\u2019Atelier des Mati\u00e8res mettent en avant des mat\u00e9riaux durables et invendus, refl\u00e9tant une industrie de la mode plus responsable.<\/p>\n\n\n\n<p><strong>Maison d\u2019Exceptions<\/strong> continue de mettre en lumi\u00e8re le savoir-faire artisanal rare, tandis que la pr\u00e9sence des jeunes cr\u00e9ateurs, comme Igor Dieryck, laur\u00e9at du Grand Prix du Jury Mode 2023, et les finalistes du Festival de Hy\u00e8res, d\u00e9montre l&#8217;engagement de Premi\u00e8re Vision Paris envers la nouvelle g\u00e9n\u00e9ration de cr\u00e9ateurs.<\/p>\n\n\n\n<p>Le 8 f\u00e9vrier, un programme sp\u00e9cial pour les \u00e9tudiants en mode compl\u00e8tera cette offre d\u00e9j\u00e0 riche, avec des s\u00e9minaires sur la mode durable et des visites guid\u00e9es.<\/p>\n\n\n\n<p>Premi\u00e8re Vision Paris 2024 s&#8217;annonce donc comme un \u00e9v\u00e9nement incontournable, m\u00e9langeant innovation, cr\u00e9ativit\u00e9 et engagement en faveur de la durabilit\u00e9, et promet d&#8217;\u00eatre une source d&#8217;inspiration et de collaboration pour l&#8217;industrie de la mode mondiale.<\/p>\n\n\n\n<p>Photos : Premi\u00e8re Vision<\/p>\n\n\n\n<p><strong><a href=\"https:\/\/pearlsmagazine.com\/webvieja\/gilles-lasbordes-premiere-vision-la-durabilite-est-un-axe-de-differenciation\/\" target=\"_blank\" rel=\"noopener\" title=\"Lire l'interview de Gilles Labordes, Directeur G\u00e9n\u00e9ral de Premi\u00e8re Vision\">Lire l&#8217;interview de Gilles Lasbordes, Directeur G\u00e9n\u00e9ral de Premi\u00e8re Vision<\/a><\/strong><\/p>\n\n\n\n<p><a href=\"https:\/\/www.premierevision.com\/fr\/\" target=\"_blank\" rel=\"noopener\" title=\"Aller sur le site de PV\">Aller sur le site de PV<\/a><\/p>\n\n\n\n<p><a href=\"https:\/\/pearlsmagazine.com\/webvieja\" title=\"Retrouvez l'actualit\u00e9 de la mode \u00e9thique dans notre magazine\">Retrouvez l&#8217;actualit\u00e9 de la mode \u00e9thique dans notre magazine<\/a><\/p>\n","protected":false},"excerpt":{"rendered":"<p>Avis aux professionnels de la mode, acheteurs, (bio)designers&#8230; Cette nouvelle \u00e9dition sera plus que jamais plac\u00e9e sous le signe de la durabilit\u00e9 ! Du 6 au 8 f\u00e9vrier 2024, le Parc des Expositions de Paris Nord Villepinte accueillera le retour [&hellip;]<\/p>\n","protected":false},"author":1,"featured_media":25082,"comment_status":"closed","ping_status":"open","sticky":false,"template":"","format":"standard","meta":{"om_disable_all_campaigns":false,"_monsterinsights_skip_tracking":false,"_monsterinsights_sitenote_active":false,"_monsterinsights_sitenote_note":"","_monsterinsights_sitenote_category":0,"footnotes":""},"categories":[200],"tags":[233,273,344,208,624,212,981,348,1045,1101],"class_list":["post-25069","post","type-post","status-publish","format-standard","has-post-thumbnail","hentry","category-tendances","tag-a-la-une","tag-innovation","tag-mode","tag-mode-durable","tag-mode-eco-responsable-2","tag-mode-ethique","tag-paris","tag-pearlsmagazine","tag-premiere-vision","tag-tendances"],"aioseo_notices":[],"_links":{"self":[{"href":"https:\/\/pearlsmagazine.com\/webvieja\/wp-json\/wp\/v2\/posts\/25069","targetHints":{"allow":["GET"]}}],"collection":[{"href":"https:\/\/pearlsmagazine.com\/webvieja\/wp-json\/wp\/v2\/posts"}],"about":[{"href":"https:\/\/pearlsmagazine.com\/webvieja\/wp-json\/wp\/v2\/types\/post"}],"author":[{"embeddable":true,"href":"https:\/\/pearlsmagazine.com\/webvieja\/wp-json\/wp\/v2\/users\/1"}],"replies":[{"embeddable":true,"href":"https:\/\/pearlsmagazine.com\/webvieja\/wp-json\/wp\/v2\/comments?post=25069"}],"version-history":[{"count":2,"href":"https:\/\/pearlsmagazine.com\/webvieja\/wp-json\/wp\/v2\/posts\/25069\/revisions"}],"predecessor-version":[{"id":25100,"href":"https:\/\/pearlsmagazine.com\/webvieja\/wp-json\/wp\/v2\/posts\/25069\/revisions\/25100"}],"wp:featuredmedia":[{"embeddable":true,"href":"https:\/\/pearlsmagazine.com\/webvieja\/wp-json\/wp\/v2\/media\/25082"}],"wp:attachment":[{"href":"https:\/\/pearlsmagazine.com\/webvieja\/wp-json\/wp\/v2\/media?parent=25069"}],"wp:term":[{"taxonomy":"category","embeddable":true,"href":"https:\/\/pearlsmagazine.com\/webvieja\/wp-json\/wp\/v2\/categories?post=25069"},{"taxonomy":"post_tag","embeddable":true,"href":"https:\/\/pearlsmagazine.com\/webvieja\/wp-json\/wp\/v2\/tags?post=25069"}],"curies":[{"name":"wp","href":"https:\/\/api.w.org\/{rel}","templated":true}]}}