{"id":28784,"date":"2024-01-30T13:39:03","date_gmt":"2024-01-30T12:39:03","guid":{"rendered":"https:\/\/pearlsmagazine.com\/webvieja\/?p=28784"},"modified":"2024-02-04T16:42:53","modified_gmt":"2024-02-04T15:42:53","slug":"bianca-streich-jai-developpe-une-technique-pour-capturer-la-suie-des-bougies","status":"publish","type":"post","link":"https:\/\/pearlsmagazine.com\/webvieja\/bianca-streich-jai-developpe-une-technique-pour-capturer-la-suie-des-bougies\/","title":{"rendered":"Bianca Streich : \u00ab J&#8217;ai d\u00e9velopp\u00e9 une technique pour capturer la suie des bougies \u00bb"},"content":{"rendered":"\n<p><strong>Bianca Streich<\/strong> est une designer bas\u00e9e \u00e0 Berlin, connue pour son travail innovant dans le biodesign utilisant des mat\u00e9riaux durables. Avec une formation en Design Industriel et en Communication et un Master en Nouveaux Mat\u00e9riaux, r\u00e9alis\u00e9 \u00e0 Barcelone, le parcours de Bianca, de la frustration \u00e0 la d\u00e9couverte d&#8217;une passion pour le <strong>biodesign<\/strong>, est mis en lumi\u00e8re. Son projet de Master, <em>&#8220;Chasing the Invisible&#8221;<\/em>, d\u00e9montre son engagement envers la durabilit\u00e9 et le design conceptuel en utilisant la suie des bougies pour aborder la pollution de l&#8217;air int\u00e9rieur, fusionnant l&#8217;art avec la sensibilisation environnementale.<\/p>\n\n\n<div class=\"wp-block-image\">\n<figure class=\"aligncenter size-full is-resized\"><a href=\"https:\/\/pearlsmagazine.com\/webvieja\/wp-content\/uploads\/2024\/01\/portrait_biancastreich.jpg\" rel=\"lightbox[28784]\"><img loading=\"lazy\" decoding=\"async\" width=\"591\" height=\"885\" src=\"https:\/\/pearlsmagazine.com\/webvieja\/wp-content\/uploads\/2024\/01\/portrait_biancastreich.jpg\" alt=\"\" class=\"wp-image-28789\" style=\"width:523px;height:auto\" srcset=\"https:\/\/pearlsmagazine.com\/webvieja\/wp-content\/uploads\/2024\/01\/portrait_biancastreich.jpg 591w, https:\/\/pearlsmagazine.com\/webvieja\/wp-content\/uploads\/2024\/01\/portrait_biancastreich-200x300.jpg 200w\" sizes=\"auto, (max-width: 591px) 100vw, 591px\" \/><\/a><\/figure>\n<\/div>\n\n\n<h2 class=\"wp-block-heading\">Votre transition vers le bio design et les biomat\u00e9riaux est int\u00e9ressante. Comment s&#8217;est-elle produite ?<\/h2>\n\n\n\n<p>Pendant mes \u00e9tudes de licence, je suis arriv\u00e9e \u00e0 un point o\u00f9 je me sentais assez frustr\u00e9e, bloqu\u00e9e, insatisfaite et incertaine de la mani\u00e8re de proc\u00e9der. Puis en 2018, lors de mes \u00e9tudes \u00e0 l&#8217;\u00e9tranger, j&#8217;ai eu la chance de d\u00e9couvrir de nouvelles approches et mani\u00e8res de penser le design. Ces mois ont fondamentalement chang\u00e9 ma pratique et mon processus de cr\u00e9ation. C&#8217;\u00e9tait aussi le moment o\u00f9 je suis vraiment tomb\u00e9e amoureuse de la mat\u00e9rialit\u00e9 en elle-m\u00eame.<\/p>\n\n\n\n<p>De retour \u00e0 Berlin, j&#8217;ai pu fa\u00e7onner mon parcours d&#8217;\u00e9tudes entre la communication environnementale et la recherche sur les mat\u00e9riaux. J&#8217;ai eu le plaisir de collaborer avec des scientifiques, de travailler dans un laboratoire professionnel ainsi que de bricoler des \u00e9quipements pour r\u00e9pondre \u00e0 mes besoins dans un&nbsp;<em>bio-lab<\/em> g\u00e9r\u00e9 par la communaut\u00e9.<\/p>\n\n\n\n<blockquote class=\"wp-block-quote is-layout-flow wp-block-quote-is-layout-flow\">\n<p> \u201cMon approche est bien plus conceptuelle que le bio design.\u201d<\/p>\n<cite>Bianca Streich<\/cite><\/blockquote>\n\n\n<div class=\"wp-block-image\">\n<figure class=\"aligncenter size-large is-resized\"><a href=\"https:\/\/pearlsmagazine.com\/webvieja\/wp-content\/uploads\/2024\/01\/smoke.scarves.bianca.streich.jpg\" rel=\"lightbox[28784]\"><img loading=\"lazy\" decoding=\"async\" width=\"683\" height=\"1024\" src=\"https:\/\/pearlsmagazine.com\/webvieja\/wp-content\/uploads\/2024\/01\/smoke.scarves.bianca.streich-683x1024.jpg\" alt=\"\" class=\"wp-image-28792\" style=\"width:537px;height:auto\" srcset=\"https:\/\/pearlsmagazine.com\/webvieja\/wp-content\/uploads\/2024\/01\/smoke.scarves.bianca.streich-683x1024.jpg 683w, https:\/\/pearlsmagazine.com\/webvieja\/wp-content\/uploads\/2024\/01\/smoke.scarves.bianca.streich-200x300.jpg 200w, https:\/\/pearlsmagazine.com\/webvieja\/wp-content\/uploads\/2024\/01\/smoke.scarves.bianca.streich-768x1151.jpg 768w, https:\/\/pearlsmagazine.com\/webvieja\/wp-content\/uploads\/2024\/01\/smoke.scarves.bianca.streich-1025x1536.jpg 1025w, https:\/\/pearlsmagazine.com\/webvieja\/wp-content\/uploads\/2024\/01\/smoke.scarves.bianca.streich.jpg 1181w\" sizes=\"auto, (max-width: 683px) 100vw, 683px\" \/><\/a><\/figure>\n<\/div>\n\n\n<p>Je travaille avec toute une gamme de mati\u00e8res, toujours avec la durabilit\u00e9 \u00e0 l&#8217;esprit. Ce qui m&#8217;int\u00e9resse le plus, c&#8217;est de trouver des moyens d&#8217;initier un changement comportemental, non pas en exigeant, mais en fournissant de la nourriture \u00e0 la r\u00e9flexion. Mon intention est de transmettre des histoires \u00e0 travers les mat\u00e9riaux et de protester contre le comportement des consommateurs\u2026<\/p>\n\n\n\n<h2 class=\"wp-block-heading\">Pouvez-vous d\u00e9crire votre projet avec la suie des bougies, &#8220;Chasing the Invisible&#8221; ?<\/h2>\n\n\n\n<p><em>Chasing the Invisible<\/em> est le projet final de mes \u00e9tudes de Master. Pendant cette p\u00e9riode, et encore \u00e0 ce jour, je suis obs\u00e9d\u00e9e de rendre l\u2019invisible tangible.<\/p>\n\n\n\n<p>Le projet parle de la pollution de l&#8217;air int\u00e9rieur par les bougies, ou pour aborder le sujet plus largement &#8211; la connexion entre nos comportements complexes et la pollution que nous causons. Pour rendre ce lien visible, j&#8217;ai d\u00e9velopp\u00e9 une technique pour capturer la suie des bougies sur un support de transfert et l&#8217;imprimer sur divers mat\u00e9riaux, comme le papier ou la soie.<\/p>\n\n\n<div class=\"wp-block-image\">\n<figure class=\"aligncenter size-large is-resized\"><a href=\"https:\/\/pearlsmagazine.com\/webvieja\/wp-content\/uploads\/2024\/01\/process_experiments-3.jpg\" rel=\"lightbox[28784]\"><img loading=\"lazy\" decoding=\"async\" width=\"1024\" height=\"768\" src=\"https:\/\/pearlsmagazine.com\/webvieja\/wp-content\/uploads\/2024\/01\/process_experiments-3-1024x768.jpg\" alt=\"\" class=\"wp-image-28832\" style=\"width:750px;height:auto\" srcset=\"https:\/\/pearlsmagazine.com\/webvieja\/wp-content\/uploads\/2024\/01\/process_experiments-3-1024x768.jpg 1024w, https:\/\/pearlsmagazine.com\/webvieja\/wp-content\/uploads\/2024\/01\/process_experiments-3-300x225.jpg 300w, https:\/\/pearlsmagazine.com\/webvieja\/wp-content\/uploads\/2024\/01\/process_experiments-3-768x576.jpg 768w, https:\/\/pearlsmagazine.com\/webvieja\/wp-content\/uploads\/2024\/01\/process_experiments-3.jpg 1181w\" sizes=\"auto, (max-width: 1024px) 100vw, 1024px\" \/><\/a><\/figure>\n<\/div>\n\n\n<p><em>Chasing the Invisible<\/em>&nbsp;se d\u00e9cline en trois parties : d&#8217;abord le journal de capture de la fum\u00e9e qui donne de la visibilit\u00e9 \u00e0 l&#8217;invisible, documentant les exp\u00e9riences de fum\u00e9e chronologiquement et par technique appliqu\u00e9e. Ensuite, le kit et le manuel pour capturer la fum\u00e9e, fournissant toutes les informations, outils et techniques pour reproduire les exp\u00e9riences de suie de bougie. Rendre l&#8217;exp\u00e9rience de la pollution possible et fournir des connaissances de fond. Et enfin, les \u00e9charpes en soie fum\u00e9e avec des motifs de pollution imprim\u00e9s.<\/p>\n\n\n\n<p>Ces \u00e9charpes sont pr\u00e9sent\u00e9es dans une s\u00e9ance photo \u00e9ditoriale accompagn\u00e9e de phrases rh\u00e9toriques telles que : \u00ab <em>\u00c0 quel point \u00eates-vous toxique ?<\/em> \u00bb ou \u00ab <em>L&#8217;\u00e9charpe fum\u00e9e est votre indispensable toxicologique. \u00bb<\/em><\/p>\n\n\n\n<p>Une fiche d&#8217;information sur la pollution de l&#8217;air int\u00e9rieur caus\u00e9e par la combustion de bougies en paraffine fournit au porteur des informations suppl\u00e9mentaires, destin\u00e9es \u00e0 initier une conversation et \u00e0 transmettre des connaissances.<\/p>\n\n\n<div class=\"wp-block-image\">\n<figure class=\"aligncenter size-full\"><a href=\"https:\/\/pearlsmagazine.com\/webvieja\/wp-content\/uploads\/2024\/01\/candle-soot-imprint.jpg\" rel=\"lightbox[28784]\"><img loading=\"lazy\" decoding=\"async\" width=\"472\" height=\"662\" src=\"https:\/\/pearlsmagazine.com\/webvieja\/wp-content\/uploads\/2024\/01\/candle-soot-imprint.jpg\" alt=\"\" class=\"wp-image-28802\" srcset=\"https:\/\/pearlsmagazine.com\/webvieja\/wp-content\/uploads\/2024\/01\/candle-soot-imprint.jpg 472w, https:\/\/pearlsmagazine.com\/webvieja\/wp-content\/uploads\/2024\/01\/candle-soot-imprint-214x300.jpg 214w\" sizes=\"auto, (max-width: 472px) 100vw, 472px\" \/><\/a><\/figure>\n<\/div>\n\n\n<h2 class=\"wp-block-heading\">Avez-vous collabor\u00e9 avec des marques de mode, ou envisagez-vous de commercialiser vos tissus ?<\/h2>\n\n\n\n<p>En g\u00e9n\u00e9ral, je suis toujours ouverte et tr\u00e8s enthousiaste \u00e0 propos des collaborations ! Je pense que c&#8217;est la mani\u00e8re d&#8217;aborder les projets en g\u00e9n\u00e9ral. Je n&#8217;ai pas encore collabor\u00e9 avec des marques de mode, mais si nos valeurs correspondent, je suis partante !<\/p>\n\n\n\n<p>Cependant,&nbsp;<strong><em>Chasing the Invisible<\/em>&nbsp;n&#8217;est pas destin\u00e9 \u00e0 \u00eatre commercialis\u00e9 car la cr\u00e9ation du tissu cr\u00e9e des polluants<\/strong>. Ainsi, le projet est une contradiction volontaire en soi sans l&#8217;intention d&#8217;\u00eatre produit ni vendu. La seule distribution imaginable que je verrais serait une \u00e9dition tr\u00e8s limit\u00e9e et \u00e0 prix \u00e9lev\u00e9 avec tous les profits allant vers des fonds de secours climatique et de capture du carbone.<\/p>\n\n\n<div class=\"wp-block-image\">\n<figure class=\"aligncenter size-full\"><a href=\"https:\/\/pearlsmagazine.com\/webvieja\/wp-content\/uploads\/2024\/01\/experiments.jpg\" rel=\"lightbox[28784]\"><img loading=\"lazy\" decoding=\"async\" width=\"591\" height=\"443\" src=\"https:\/\/pearlsmagazine.com\/webvieja\/wp-content\/uploads\/2024\/01\/experiments.jpg\" alt=\"\" class=\"wp-image-28805\" srcset=\"https:\/\/pearlsmagazine.com\/webvieja\/wp-content\/uploads\/2024\/01\/experiments.jpg 591w, https:\/\/pearlsmagazine.com\/webvieja\/wp-content\/uploads\/2024\/01\/experiments-300x225.jpg 300w\" sizes=\"auto, (max-width: 591px) 100vw, 591px\" \/><\/a><\/figure>\n<\/div>\n\n\n<h2 class=\"wp-block-heading\">Quels autres projets avez-vous ?<\/h2>\n\n\n\n<p>Je tends \u00e0 me mouvoir assez librement entre le design, la photographie et le graphisme, en passant par le design d&#8217;int\u00e9rieur et industriel. N\u00e9anmoins, mon histoire d\u2019amour est avec les mat\u00e9riaux et la recherche en design, reliant l&#8217;art et les sciences. J&#8217;enseigne \u00e9galement sur les mat\u00e9riaux et l&#8217;activisme. D\u2019ailleurs, la semaine derni\u00e8re, j&#8217;ai anim\u00e9 un atelier \u00e0 Paris lors de la conf\u00e9rence Limit\/Nolimit.<\/p>\n\n\n\n<p>Je n&#8217;ai pas encore entrepris de projet de mode, mais ce serait certainement un plaisir de le faire. Pour ceux et celles qui sont int\u00e9ress\u00e9.e.s par une collaboration, n&#8217;h\u00e9sitez pas \u00e0 me contacter, j&#8217;ai d\u00e9j\u00e0 mille id\u00e9es en t\u00eate !<\/p>\n\n\n\n<p>Photos : Bianca Streich<\/p>\n\n\n\n<p><strong><a href=\"https:\/\/www.instagram.com\/biancastreich_\" target=\"_blank\" rel=\"noopener\" title=\"Aller sur le compte Instagram de Bianca Streich\">Aller sur le compte Instagram de Bianca Streich<\/a><\/strong><\/p>\n\n\n\n<p><a href=\"https:\/\/pearlsmagazine.com\/webvieja\" title=\"Retrouvez l'actualit\u00e9 de la mode \u00e9thique dans notre magazine\">Retrouvez l&#8217;actualit\u00e9 de la mode \u00e9thique dans notre magazine<\/a><\/p>\n","protected":false},"excerpt":{"rendered":"<p>Bianca Streich est une designer bas\u00e9e \u00e0 Berlin, connue pour son travail innovant dans le biodesign utilisant des mat\u00e9riaux durables. Avec une formation en Design Industriel et en Communication et un Master en Nouveaux Mat\u00e9riaux, r\u00e9alis\u00e9 \u00e0 Barcelone, le parcours [&hellip;]<\/p>\n","protected":false},"author":1,"featured_media":28837,"comment_status":"closed","ping_status":"open","sticky":false,"template":"","format":"standard","meta":{"om_disable_all_campaigns":false,"_monsterinsights_skip_tracking":false,"_monsterinsights_sitenote_active":false,"_monsterinsights_sitenote_note":"","_monsterinsights_sitenote_category":0,"footnotes":""},"categories":[198],"tags":[632,1134,267,273,246,1135,344,208,212,279,348],"class_list":["post-28784","post","type-post","status-publish","format-standard","has-post-thumbnail","hentry","category-revolution","tag-biodesign","tag-bougie","tag-environnement","tag-innovation","tag-lead-2","tag-materiaux","tag-mode","tag-mode-durable","tag-mode-ethique","tag-nature","tag-pearlsmagazine"],"aioseo_notices":[],"_links":{"self":[{"href":"https:\/\/pearlsmagazine.com\/webvieja\/wp-json\/wp\/v2\/posts\/28784","targetHints":{"allow":["GET"]}}],"collection":[{"href":"https:\/\/pearlsmagazine.com\/webvieja\/wp-json\/wp\/v2\/posts"}],"about":[{"href":"https:\/\/pearlsmagazine.com\/webvieja\/wp-json\/wp\/v2\/types\/post"}],"author":[{"embeddable":true,"href":"https:\/\/pearlsmagazine.com\/webvieja\/wp-json\/wp\/v2\/users\/1"}],"replies":[{"embeddable":true,"href":"https:\/\/pearlsmagazine.com\/webvieja\/wp-json\/wp\/v2\/comments?post=28784"}],"version-history":[{"count":5,"href":"https:\/\/pearlsmagazine.com\/webvieja\/wp-json\/wp\/v2\/posts\/28784\/revisions"}],"predecessor-version":[{"id":31903,"href":"https:\/\/pearlsmagazine.com\/webvieja\/wp-json\/wp\/v2\/posts\/28784\/revisions\/31903"}],"wp:featuredmedia":[{"embeddable":true,"href":"https:\/\/pearlsmagazine.com\/webvieja\/wp-json\/wp\/v2\/media\/28837"}],"wp:attachment":[{"href":"https:\/\/pearlsmagazine.com\/webvieja\/wp-json\/wp\/v2\/media?parent=28784"}],"wp:term":[{"taxonomy":"category","embeddable":true,"href":"https:\/\/pearlsmagazine.com\/webvieja\/wp-json\/wp\/v2\/categories?post=28784"},{"taxonomy":"post_tag","embeddable":true,"href":"https:\/\/pearlsmagazine.com\/webvieja\/wp-json\/wp\/v2\/tags?post=28784"}],"curies":[{"name":"wp","href":"https:\/\/api.w.org\/{rel}","templated":true}]}}