{"id":31881,"date":"2024-02-04T16:34:35","date_gmt":"2024-02-04T15:34:35","guid":{"rendered":"https:\/\/pearlsmagazine.com\/webvieja\/?p=31881"},"modified":"2024-02-09T10:53:48","modified_gmt":"2024-02-09T09:53:48","slug":"rachel-castillo-les-droits-de-lhomme-concernent-une-vie-digne-pour-tous","status":"publish","type":"post","link":"https:\/\/pearlsmagazine.com\/webvieja\/rachel-castillo-les-droits-de-lhomme-concernent-une-vie-digne-pour-tous\/","title":{"rendered":"Rachel Castillo : &#8220;Je soutiens les marques de mode pour qu&#8217;elles respectent les Droits de l&#8217;Homme&#8221;"},"content":{"rendered":"\n<p><strong>Rachel Castillo<\/strong> est consultante en <strong>Droits de l&#8217;Homme<\/strong>. Originaire du Pays-Bas, elle s&#8217;est lanc\u00e9e dans une carri\u00e8re d\u00e9di\u00e9e \u00e0 la mode \u00e9thique apr\u00e8s un stage en Inde o\u00f9 elle effectuait des recherches sur les conditions de travail dans les usines textiles. Son voyage l&#8217;a conduite \u00e0 poursuivre un Master en Gestion Responsable \u00e0 Berlin, approfondissant son engagement envers des pratiques commerciales responsables. Suite \u00e0 un projet r\u00e9alis\u00e9 pour le gouvernement n\u00e9erlandais, cette entrepreneuse, avec sept ans d&#8217;exp\u00e9rience en Droits de l&#8217;Homme dans la mode, continue son plaidoyer pour une prise de d\u00e9cision \u00e9thique dans l&#8217;industrie de la mode.&nbsp;Dans cette interview, elle nous explique sa vision du monde et ses engagements.<\/p>\n\n\n<div class=\"wp-block-image\">\n<figure class=\"aligncenter size-full is-resized\"><a href=\"https:\/\/pearlsmagazine.com\/webvieja\/wp-content\/uploads\/2024\/02\/IMG_5770.jpg\" rel=\"lightbox[31881]\"><img loading=\"lazy\" decoding=\"async\" width=\"591\" height=\"886\" src=\"https:\/\/pearlsmagazine.com\/webvieja\/wp-content\/uploads\/2024\/02\/IMG_5770.jpg\" alt=\"\" class=\"wp-image-31888\" style=\"width:457px;height:auto\" srcset=\"https:\/\/pearlsmagazine.com\/webvieja\/wp-content\/uploads\/2024\/02\/IMG_5770.jpg 591w, https:\/\/pearlsmagazine.com\/webvieja\/wp-content\/uploads\/2024\/02\/IMG_5770-200x300.jpg 200w\" sizes=\"auto, (max-width: 591px) 100vw, 591px\" \/><\/a><\/figure>\n<\/div>\n\n\n<h2 class=\"wp-block-heading\">En quoi consiste votre activit\u00e9 bas\u00e9e sur les Droits de l&#8217;Homme dans l&#8217;industrie de la mode ?<\/h2>\n\n\n\n<p>Je crois que les Droits de l&#8217;Homme, en essence, concernent une vie digne pour tous. Avec mes services aux entreprises, <strong>je propose une r\u00e9flexion sur ce que pourrait \u00eatre une entreprise \u00e9thique et les d\u00e9cisions qu\u2019elle doit prendre pour y arriver<\/strong>. Je leur propose aussi de d\u00e9velopper des strat\u00e9gies responsables avec un plan d&#8217;action pratique. Et, ce que j&#8217;aime le plus : les projets d&#8217;impact local. La plupart des marques de mode produisent dans d&#8217;autres pays. Pour changer la donne, il est important de comprendre v\u00e9ritablement les causes profondes des probl\u00e8mes sociaux et donc, les conversations avec les fournisseurs sont cruciales. Dans ces conversations, nous valorisons la confiance, l&#8217;\u00e9galit\u00e9 et la vuln\u00e9rabilit\u00e9 et, \u00e0 travers ces valeurs, nous pouvons travailler sur les Droits de l&#8217;Homme.<\/p>\n\n\n\n<h2 class=\"wp-block-heading\">Pourriez-vous d\u00e9crire le panorama actuel des Droits de l&#8217;Homme dans le monde ?<\/h2>\n\n\n\n<p>Commen\u00e7ons par quelques points positifs !&nbsp;Je vois de plus en plus d&#8217;initiatives de mode \u00e9thique \u00e9merger. Certaines pour les marques, d&#8217;autres pour les consommateurs. De plus, il y a un accent accru sur la transparence.&nbsp;Certaines marques deviennent plus transparentes sur leurs cha\u00eenes d&#8217;approvisionnement, permettant aux consommateurs de faire des choix \u00e9clair\u00e9s. Avec les entreprises avec lesquelles je travaille, je constate une augmentation des pratiques de commerce equitable, o\u00f9 les travailleurs recoivent des salaires d\u00e9cent et travaillent dans de bonnes conditions.<\/p>\n\n\n\n<p>Il y a aussi des points \u00e0 am\u00e9liorer. Globalement, je trouve qu&#8217;il y a un manque de responsabilit\u00e9 de la part des gens. Juste en tant qu&#8217;\u00eatre humain. Si vous exp\u00e9rimentez plus de douleur et de peur que d&#8217;amour, alors vous allez probablement aussi agir en fonction de ces sentiments.&nbsp;Et donc, nous nous maintenons dans la soci\u00e9t\u00e9 telle qu&#8217;elle est aujourd&#8217;hui.&nbsp;Quand je regarde le monde, je vois beaucoup d&#8217;injustices sociales, de discrimination, d&#8217;in\u00e9galit\u00e9 de genre et de probl\u00e8mes de sant\u00e9. Ce qui est, \u00e0 mon avis, la cons\u00e9quence du manque d&#8217;amour. <\/p>\n\n\n\n<blockquote class=\"wp-block-quote is-layout-flow wp-block-quote-is-layout-flow\">\n<p> &#8220;Nous manquons d&#8217;amour pour nous-m\u00eame, pour nos proches, pour les gens dans d&#8217;autres r\u00e9gions du monde et pour la nature elle-m\u00eame.&#8221;<\/p>\n<cite>Rachel Castillo<\/cite><\/blockquote>\n\n\n\n<h2 class=\"wp-block-heading\">Quels sont vos projets pour cette ann\u00e9e ?<\/h2>\n\n\n\n<p>\u00c0 partir de septembre 2024, je voyagerai \u00e0 travers le monde avec mon conjoint.\u00a0Pour le travail mais aussi pour explorer davantage cette belle plan\u00e8te. Avant cela, je serai \u00e0 Amsterdam et j\u2019organiserai des \u00e9v\u00e9nements presque tous les mois. J&#8217;aime \u00eatre connect\u00e9e \u00e0 des personnes ayant la m\u00eame motivation intrins\u00e8que de changer les choses. Et donc, je partage mon espace avec des personnes qui aimeraient se joindre \u00e0 nous.\u00a0Si vous voulez nous rejoindre, contactez-moi pour rester inform\u00e9 de nos prochains \u00e9v\u00e8nements.<\/p>\n\n\n\n<p>Cette ann\u00e9e, je travaille principalement sur un projet d&#8217;impact local en Inde. Je suis en partenariat avec diff\u00e9rentes ONG, une marque et leurs fournisseurs pour assurer des conditions de travail \u00e9thiques.&nbsp;Les ONG sont bas\u00e9es en Inde, elles comprennent donc la culture et la langue. Dans de tels projets, nous travaillons toujours avec un r\u00e9seau de personnes que nous cr\u00e9ons dans le pays et qui peuvent soutenir les fournisseurs.&nbsp;<\/p>\n\n\n\n<p>Par ailleurs, je collabore pour la premi\u00e8re fois directement avec un fournisseur au lieu d&#8217;une marque. Je vais aider ce fournisseur \u00e0 mieux communiquer sur ses activit\u00e9s \u00e9thiques et sa cha\u00eene de valeur de fa\u00e7on \u00e0 ce que les marques le fassent \u00e9galement.&nbsp;<\/p>\n\n\n\n<p>Photo : Rachel Castillo<\/p>\n\n\n\n<p><strong><a href=\"https:\/\/rachelcastillo.nl\" target=\"_blank\" rel=\"noopener\" title=\"Aller sur le site de Rachel Castillo\">Aller sur le site de Rachel Castillo<\/a><\/strong><\/p>\n\n\n\n<p><a href=\"https:\/\/pearlsmagazine.com\/webvieja\" title=\"Retrouvez l'actualit\u00e9 de la mode \u00e9thique dans notre magazine\">Retrouvez l&#8217;actualit\u00e9 de la mode \u00e9thique dans notre magazine<\/a><\/p>\n","protected":false},"excerpt":{"rendered":"<p>Rachel Castillo est consultante en Droits de l&#8217;Homme. Originaire du Pays-Bas, elle s&#8217;est lanc\u00e9e dans une carri\u00e8re d\u00e9di\u00e9e \u00e0 la mode \u00e9thique apr\u00e8s un stage en Inde o\u00f9 elle effectuait des recherches sur les conditions de travail dans les usines [&hellip;]<\/p>\n","protected":false},"author":1,"featured_media":31895,"comment_status":"closed","ping_status":"open","sticky":false,"template":"","format":"standard","meta":{"om_disable_all_campaigns":false,"_monsterinsights_skip_tracking":false,"_monsterinsights_sitenote_active":false,"_monsterinsights_sitenote_note":"","_monsterinsights_sitenote_category":0,"footnotes":""},"categories":[199],"tags":[1144,1143,210,246,344,208,348],"class_list":["post-31881","post","type-post","status-publish","format-standard","has-post-thumbnail","hentry","category-rencontres","tag-conditions-de-travail","tag-droits-de-lhomme","tag-ethique","tag-lead-2","tag-mode","tag-mode-durable","tag-pearlsmagazine"],"aioseo_notices":[],"_links":{"self":[{"href":"https:\/\/pearlsmagazine.com\/webvieja\/wp-json\/wp\/v2\/posts\/31881","targetHints":{"allow":["GET"]}}],"collection":[{"href":"https:\/\/pearlsmagazine.com\/webvieja\/wp-json\/wp\/v2\/posts"}],"about":[{"href":"https:\/\/pearlsmagazine.com\/webvieja\/wp-json\/wp\/v2\/types\/post"}],"author":[{"embeddable":true,"href":"https:\/\/pearlsmagazine.com\/webvieja\/wp-json\/wp\/v2\/users\/1"}],"replies":[{"embeddable":true,"href":"https:\/\/pearlsmagazine.com\/webvieja\/wp-json\/wp\/v2\/comments?post=31881"}],"version-history":[{"count":9,"href":"https:\/\/pearlsmagazine.com\/webvieja\/wp-json\/wp\/v2\/posts\/31881\/revisions"}],"predecessor-version":[{"id":34523,"href":"https:\/\/pearlsmagazine.com\/webvieja\/wp-json\/wp\/v2\/posts\/31881\/revisions\/34523"}],"wp:featuredmedia":[{"embeddable":true,"href":"https:\/\/pearlsmagazine.com\/webvieja\/wp-json\/wp\/v2\/media\/31895"}],"wp:attachment":[{"href":"https:\/\/pearlsmagazine.com\/webvieja\/wp-json\/wp\/v2\/media?parent=31881"}],"wp:term":[{"taxonomy":"category","embeddable":true,"href":"https:\/\/pearlsmagazine.com\/webvieja\/wp-json\/wp\/v2\/categories?post=31881"},{"taxonomy":"post_tag","embeddable":true,"href":"https:\/\/pearlsmagazine.com\/webvieja\/wp-json\/wp\/v2\/tags?post=31881"}],"curies":[{"name":"wp","href":"https:\/\/api.w.org\/{rel}","templated":true}]}}