{"id":34485,"date":"2024-02-09T10:52:15","date_gmt":"2024-02-09T09:52:15","guid":{"rendered":"https:\/\/pearlsmagazine.com\/webvieja\/?p=34485"},"modified":"2024-02-26T10:38:56","modified_gmt":"2024-02-26T09:38:56","slug":"heba-abdel-latif-nuba-arts-je-reve-de-transcender-le-conventionnel-pour-des-styles-de-vie-indigenes","status":"publish","type":"post","link":"https:\/\/pearlsmagazine.com\/webvieja\/heba-abdel-latif-nuba-arts-je-reve-de-transcender-le-conventionnel-pour-des-styles-de-vie-indigenes\/","title":{"rendered":"Heba Abdel Latif (Nuba Arts) : \u201cJe r\u00eave de transcender le conventionnel pour des styles de vie indig\u00e8nes\u201d"},"content":{"rendered":"\n<p><strong>Heba Abdel Latif<\/strong>, la fondatrice et pr\u00e9sidente de <strong><a href=\"https:\/\/nubaarts.com\" target=\"_blank\" rel=\"noopener\" title=\"Nuba Arts,\">Nuba Arts,<\/a><\/strong> partage son parcours depuis ses origines au Caire jusqu&#8217;\u00e0 la sc\u00e8ne internationale de la mode durable. Elle r\u00e9v\u00e8le, dans cette interview, l&#8217;\u00e9thique derri\u00e8re Nuba Arts et sa vision pour un avenir plus \u00e9cologique et respectueux de la culture africaine.<\/p>\n\n\n<div class=\"wp-block-image wp-duotone-unset-1\">\n<figure class=\"aligncenter size-full is-resized\"><a href=\"https:\/\/pearlsmagazine.com\/webvieja\/wp-content\/uploads\/2024\/02\/heba.jpeg\" rel=\"lightbox[34485]\"><img loading=\"lazy\" decoding=\"async\" width=\"800\" height=\"800\" src=\"https:\/\/pearlsmagazine.com\/webvieja\/wp-content\/uploads\/2024\/02\/heba.jpeg\" alt=\"\" class=\"wp-image-34504\" style=\"width:494px;height:auto\" srcset=\"https:\/\/pearlsmagazine.com\/webvieja\/wp-content\/uploads\/2024\/02\/heba.jpeg 800w, https:\/\/pearlsmagazine.com\/webvieja\/wp-content\/uploads\/2024\/02\/heba-300x300.jpeg 300w, https:\/\/pearlsmagazine.com\/webvieja\/wp-content\/uploads\/2024\/02\/heba-150x150.jpeg 150w, https:\/\/pearlsmagazine.com\/webvieja\/wp-content\/uploads\/2024\/02\/heba-768x768.jpeg 768w, https:\/\/pearlsmagazine.com\/webvieja\/wp-content\/uploads\/2024\/02\/heba-550x550.jpeg 550w\" sizes=\"auto, (max-width: 800px) 100vw, 800px\" \/><\/a><figcaption class=\"wp-element-caption\">Heba Abdel Latif, fondatrice et pr\u00e9sidente de Nuba Arts.<\/figcaption><\/figure>\n<\/div>\n\n\n<h2 class=\"wp-block-heading\"><strong>Qui \u00eates-vous et d\u2019o\u00f9 venez-vous ?<\/strong><\/h2>\n\n\n\n<p>Je suis \u00e9gyptienne, avec un riche h\u00e9ritage nubien et j\u2019habite \u00e0 New York. Ayant grandi au Caire, j&#8217;ai \u00e9t\u00e9 immerg\u00e9e dans la culture vibrante de l&#8217;\u00c9gypte tout en \u00e9tudiant au Lyc\u00e9e Fran\u00e7ais du Caire. Mon parcours acad\u00e9mique m&#8217;a conduit \u00e0 obtenir un BA en Administration des Affaires et Marketing. J&#8217;ai commenc\u00e9 ma carri\u00e8re professionnelle en 1990 en tant que guide touristique, pour devenir vice-pr\u00e9sidente d&#8217;une agence de voyages en 1999. Mes racines nubiennes ont toujours \u00e9t\u00e9 une source de fiert\u00e9 et d&#8217;inspiration pour moi.<\/p>\n\n\n<div class=\"wp-block-image\">\n<figure class=\"aligncenter size-full\"><a href=\"https:\/\/pearlsmagazine.com\/webvieja\/wp-content\/uploads\/2024\/02\/KenyaBeads.jpg\" rel=\"lightbox[34485]\"><img loading=\"lazy\" decoding=\"async\" width=\"562\" height=\"806\" src=\"https:\/\/pearlsmagazine.com\/webvieja\/wp-content\/uploads\/2024\/02\/KenyaBeads.jpg\" alt=\"\" class=\"wp-image-34507\" srcset=\"https:\/\/pearlsmagazine.com\/webvieja\/wp-content\/uploads\/2024\/02\/KenyaBeads.jpg 562w, https:\/\/pearlsmagazine.com\/webvieja\/wp-content\/uploads\/2024\/02\/KenyaBeads-209x300.jpg 209w\" sizes=\"auto, (max-width: 562px) 100vw, 562px\" \/><\/a><\/figure>\n<\/div>\n\n\n<h2 class=\"wp-block-heading\"><strong>Qu&#8217;est-ce qui a inspir\u00e9 la cr\u00e9ation de Nuba Arts, et quelle est sa mission ?<\/strong><\/h2>\n\n\n\n<p>Nuba Arts est n\u00e9 d&#8217;un d\u00e9sir de produire un impact positif. Apr\u00e8s avoir d\u00e9missionn\u00e9 de l&#8217;ONU en 2022, j&#8217;ai envisag\u00e9 de construire une fondation qui d\u00e9fendrait la cause des artisans marginalis\u00e9s. J\u2019ai d\u00e9but\u00e9 en solo et Nuba Arts s\u2019est d\u00e9velopp\u00e9 en un collectif mondial.&nbsp;Notre mission est d&#8217;habiliter ces artisans en offrant du mentorat et en mettant en avant leurs d\u00e9corations d&#8217;int\u00e9rieur et accessoires de mode faits \u00e0 la main.&nbsp;<\/p>\n\n\n\n<blockquote class=\"wp-block-quote is-layout-flow wp-block-quote-is-layout-flow\">\n<p> \u201cNous voulons c\u00e9l\u00e9brer l&#8217;h\u00e9ritage culturel africain en accord avec les Objectifs de D\u00e9veloppement Durable.\u201d<\/p>\n\n\n\n<p><\/p>\n\n\n<div class=\"wp-block-image\">\n<figure class=\"aligncenter size-large is-resized\"><a href=\"https:\/\/pearlsmagazine.com\/webvieja\/wp-content\/uploads\/2024\/02\/Nuba.arts_.jpg\" rel=\"lightbox[34485]\"><img loading=\"lazy\" decoding=\"async\" width=\"1024\" height=\"768\" src=\"https:\/\/pearlsmagazine.com\/webvieja\/wp-content\/uploads\/2024\/02\/Nuba.arts_-1024x768.jpg\" alt=\"\" class=\"wp-image-34510\" style=\"width:690px;height:auto\" srcset=\"https:\/\/pearlsmagazine.com\/webvieja\/wp-content\/uploads\/2024\/02\/Nuba.arts_-1024x768.jpg 1024w, https:\/\/pearlsmagazine.com\/webvieja\/wp-content\/uploads\/2024\/02\/Nuba.arts_-300x225.jpg 300w, https:\/\/pearlsmagazine.com\/webvieja\/wp-content\/uploads\/2024\/02\/Nuba.arts_-768x576.jpg 768w, https:\/\/pearlsmagazine.com\/webvieja\/wp-content\/uploads\/2024\/02\/Nuba.arts_.jpg 1286w\" sizes=\"auto, (max-width: 1024px) 100vw, 1024px\" \/><\/a><\/figure>\n<\/div><\/blockquote>\n\n\n\n<h2 class=\"wp-block-heading\"><strong>Quels pays et quels types d&#8217;artisans sont repr\u00e9sent\u00e9s par Nuba Arts ?<\/strong><\/h2>\n\n\n\n<p>Nous repr\u00e9sentons des artisans de l&#8217;<strong>\u00c9gypte<\/strong>, de la r\u00e9gion nord du <strong>Ghana <\/strong>et du <strong>Kenya<\/strong>. Notre focus est mis sur les zones rurales, les artisans avec des handicaps, et les r\u00e9fugi\u00e9s du <strong>Soudan<\/strong> dans le sud de l&#8217;\u00c9gypte. Ces groupes sous-repr\u00e9sent\u00e9s re\u00e7oivent du mentorat et une formation en contr\u00f4le de qualit\u00e9 pour r\u00e9pondre aux besoins du march\u00e9 mondial, assurant que leurs comp\u00e9tences remarquables soient reconnues.<\/p>\n\n\n\n<h2 class=\"wp-block-heading\"><strong>Pouvez-vous nous parler de votre implication avec le R\u00e9seau de Mode et de Style de Vie Conscient de l&#8217;ONU ?&nbsp;<\/strong><\/h2>\n\n\n\n<p>Rejoindre <strong>le R\u00e9seau de Mode et de Style de Vie Conscient de l&#8217;<\/strong><a href=\"https:\/\/www.un.org\/fr\/\" target=\"_blank\" rel=\"noopener\" title=\"ONU \"><strong>ONU<\/strong> <\/a>a \u00e9t\u00e9 un honneur. Cette adh\u00e9sion refl\u00e8te notre engagement envers les pratiques durables. Gr\u00e2ce \u00e0 notre collaboration avec Canvas Global, nous avons fait des avanc\u00e9es significatives dans la cr\u00e9ation d&#8217;une cha\u00eene d&#8217;approvisionnement durable qui connecte les artisans africains au march\u00e9 am\u00e9ricain.<\/p>\n\n\n<div class=\"wp-block-image\">\n<figure class=\"aligncenter size-full is-resized\"><a href=\"https:\/\/pearlsmagazine.com\/webvieja\/wp-content\/uploads\/2024\/02\/Sinai2.jpg\" rel=\"lightbox[34485]\"><img loading=\"lazy\" decoding=\"async\" width=\"756\" height=\"500\" src=\"https:\/\/pearlsmagazine.com\/webvieja\/wp-content\/uploads\/2024\/02\/Sinai2.jpg\" alt=\"\" class=\"wp-image-34513\" style=\"width:704px;height:auto\" srcset=\"https:\/\/pearlsmagazine.com\/webvieja\/wp-content\/uploads\/2024\/02\/Sinai2.jpg 756w, https:\/\/pearlsmagazine.com\/webvieja\/wp-content\/uploads\/2024\/02\/Sinai2-300x198.jpg 300w\" sizes=\"auto, (max-width: 756px) 100vw, 756px\" \/><\/a><\/figure>\n<\/div>\n\n\n<h2 class=\"wp-block-heading\"><strong>De quoi r\u00eavez-vous pour le monde de la mode ?<\/strong><\/h2>\n\n\n\n<p>Mon r\u00eave est de transcender le conventionnel pour embrasser les styles de vie indig\u00e8nes et int\u00e9grer des produits \u00e0 base naturelle dans nos garde-robes. J&#8217;envisage un monde o\u00f9 les produits uniques, faits \u00e0 la main, sont un \u00e9l\u00e9ment de base dans les h\u00f4tels et les cadeaux des compagnies a\u00e9riennes, offrant une alternative durable et culturellement enrichissante \u00e0 la norme.<\/p>\n\n\n<div class=\"wp-block-image\">\n<figure class=\"aligncenter size-full is-resized\"><a href=\"https:\/\/pearlsmagazine.com\/webvieja\/wp-content\/uploads\/2024\/02\/tabvle-mate.jpg\" rel=\"lightbox[34485]\"><img loading=\"lazy\" decoding=\"async\" width=\"926\" height=\"737\" src=\"https:\/\/pearlsmagazine.com\/webvieja\/wp-content\/uploads\/2024\/02\/tabvle-mate.jpg\" alt=\"\" class=\"wp-image-34516\" style=\"width:718px;height:auto\" srcset=\"https:\/\/pearlsmagazine.com\/webvieja\/wp-content\/uploads\/2024\/02\/tabvle-mate.jpg 926w, https:\/\/pearlsmagazine.com\/webvieja\/wp-content\/uploads\/2024\/02\/tabvle-mate-300x239.jpg 300w, https:\/\/pearlsmagazine.com\/webvieja\/wp-content\/uploads\/2024\/02\/tabvle-mate-768x611.jpg 768w\" sizes=\"auto, (max-width: 926px) 100vw, 926px\" \/><\/a><\/figure>\n<\/div>\n\n\n<h2 class=\"wp-block-heading\"><strong>Y a-t\u2019il des projets qui vous tiennent particuli\u00e8rement \u00e0 coeur ?<\/strong><\/h2>\n\n\n\n<p>Oui, nous sommes ravis de rejoindre l&#8217; <strong><a href=\"https:\/\/arkglobalvillage.com\/the-5-pillars-of-ark2030\" target=\"_blank\" rel=\"noopener\" title=\"Ark Global Village 2030,\">Ark Global Village 2030,<\/a><\/strong> en nous concentrant sur l&#8217;<strong>agriculture r\u00e9g\u00e9n\u00e9ratrice<\/strong>.\u00a0Cette initiative s&#8217;aligne parfaitement avec notre mission, nous permettant de contribuer \u00e0 un cycle z\u00e9ro d\u00e9chet \u00e0 travers nos d\u00e9corations d&#8217;int\u00e9rieur et accessoires. De plus, nous planifions un \u00e9v\u00e9nement au si\u00e8ge des Nations Unies \u00e0 NYC pour mettre en lumi\u00e8re le r\u00f4le pivot des PME dans les solutions climatiques, l&#8217;agriculture et la mode durable.<\/p>\n\n\n\n<p>Photos : Nuba Arts<\/p>\n\n\n\n<p><strong><a href=\"https:\/\/nubaarts.com\" target=\"_blank\" rel=\"noopener\" title=\"Aller sur le site de Nuba Arts\">Aller sur le site de Nuba Arts<\/a><\/strong><\/p>\n\n\n\n<p><a href=\"https:\/\/pearlsmagazine.com\/webvieja\" title=\"Retrouvez l'actualit\u00e9 de la mode \u00e9thique dans notre magazine\">Retrouvez l&#8217;actualit\u00e9 de la mode \u00e9thique dans notre magazine<\/a><\/p>\n","protected":false},"excerpt":{"rendered":"<p>Heba Abdel Latif, la fondatrice et pr\u00e9sidente de Nuba Arts, partage son parcours depuis ses origines au Caire jusqu&#8217;\u00e0 la sc\u00e8ne internationale de la mode durable. Elle r\u00e9v\u00e8le, dans cette interview, l&#8217;\u00e9thique derri\u00e8re Nuba Arts et sa vision pour un [&hellip;]<\/p>\n","protected":false},"author":1,"featured_media":34528,"comment_status":"closed","ping_status":"open","sticky":false,"template":"","format":"standard","meta":{"om_disable_all_campaigns":false,"_monsterinsights_skip_tracking":false,"_monsterinsights_sitenote_active":false,"_monsterinsights_sitenote_note":"","_monsterinsights_sitenote_category":0,"footnotes":""},"categories":[199],"tags":[231,1153,1151,1150,246,208,212,1149,1152,348],"class_list":["post-34485","post","type-post","status-publish","format-standard","has-post-thumbnail","hentry","category-rencontres","tag-afrique","tag-artisanat","tag-egypte","tag-indigene","tag-lead-2","tag-mode-durable","tag-mode-ethique","tag-new-york","tag-nuba-arts","tag-pearlsmagazine"],"aioseo_notices":[],"_links":{"self":[{"href":"https:\/\/pearlsmagazine.com\/webvieja\/wp-json\/wp\/v2\/posts\/34485","targetHints":{"allow":["GET"]}}],"collection":[{"href":"https:\/\/pearlsmagazine.com\/webvieja\/wp-json\/wp\/v2\/posts"}],"about":[{"href":"https:\/\/pearlsmagazine.com\/webvieja\/wp-json\/wp\/v2\/types\/post"}],"author":[{"embeddable":true,"href":"https:\/\/pearlsmagazine.com\/webvieja\/wp-json\/wp\/v2\/users\/1"}],"replies":[{"embeddable":true,"href":"https:\/\/pearlsmagazine.com\/webvieja\/wp-json\/wp\/v2\/comments?post=34485"}],"version-history":[{"count":2,"href":"https:\/\/pearlsmagazine.com\/webvieja\/wp-json\/wp\/v2\/posts\/34485\/revisions"}],"predecessor-version":[{"id":34522,"href":"https:\/\/pearlsmagazine.com\/webvieja\/wp-json\/wp\/v2\/posts\/34485\/revisions\/34522"}],"wp:featuredmedia":[{"embeddable":true,"href":"https:\/\/pearlsmagazine.com\/webvieja\/wp-json\/wp\/v2\/media\/34528"}],"wp:attachment":[{"href":"https:\/\/pearlsmagazine.com\/webvieja\/wp-json\/wp\/v2\/media?parent=34485"}],"wp:term":[{"taxonomy":"category","embeddable":true,"href":"https:\/\/pearlsmagazine.com\/webvieja\/wp-json\/wp\/v2\/categories?post=34485"},{"taxonomy":"post_tag","embeddable":true,"href":"https:\/\/pearlsmagazine.com\/webvieja\/wp-json\/wp\/v2\/tags?post=34485"}],"curies":[{"name":"wp","href":"https:\/\/api.w.org\/{rel}","templated":true}]}}