{"id":34631,"date":"2024-02-14T13:41:26","date_gmt":"2024-02-14T12:41:26","guid":{"rendered":"https:\/\/pearlsmagazine.com\/webvieja\/?p=34631"},"modified":"2024-02-14T13:47:08","modified_gmt":"2024-02-14T12:47:08","slug":"global-fashion-summit-levenement-phare-revient-en-mai","status":"publish","type":"post","link":"https:\/\/pearlsmagazine.com\/webvieja\/global-fashion-summit-levenement-phare-revient-en-mai\/","title":{"rendered":"Global Fashion Summit : l&#8217;\u00e9v\u00e8nement phare revient en mai"},"content":{"rendered":"\n<p>La transition vers une mode plus \u00e9thique et durable se fait \u00e0 son rythme, mais quel est le pas suivant ? Que faut-il mettre en place pour aller de l&#8217;avant et quitter les r\u00e9sistances \u00e0 ce changement in\u00e9vitable ? Du 21 au 23 mai, Copenhague accueillera une nouvelle \u00e9dition du <strong><a href=\"https:\/\/globalfashionagenda.org\" target=\"_blank\" rel=\"noopener\" title=\"Global Fashion Summit\">Global Fashion Summit<\/a><\/strong>, un \u00e9v\u00e9nement phare pour l&#8217;industrie de la mode qui se tiendra dans l&#8217;embl\u00e9matique Concert Hall.<\/p>\n\n\n<div class=\"wp-block-image\">\n<figure class=\"aligncenter size-full is-resized\"><a href=\"https:\/\/pearlsmagazine.com\/webvieja\/wp-content\/uploads\/2024\/02\/Global-Fashion-Agenda.png\" rel=\"lightbox[34631]\"><img loading=\"lazy\" decoding=\"async\" width=\"567\" height=\"428\" src=\"https:\/\/pearlsmagazine.com\/webvieja\/wp-content\/uploads\/2024\/02\/Global-Fashion-Agenda.png\" alt=\"\" class=\"wp-image-34635\" style=\"width:488px;height:auto\" srcset=\"https:\/\/pearlsmagazine.com\/webvieja\/wp-content\/uploads\/2024\/02\/Global-Fashion-Agenda.png 567w, https:\/\/pearlsmagazine.com\/webvieja\/wp-content\/uploads\/2024\/02\/Global-Fashion-Agenda-300x226.png 300w\" sizes=\"auto, (max-width: 567px) 100vw, 567px\" \/><\/a><\/figure>\n<\/div>\n\n\n<h2 class=\"wp-block-heading\">Quels sont les th\u00e8mes cruciaux ?<\/h2>\n\n\n\n<p>\u201c<em>Unlocking the next level<\/em>\u201d (&#8220;D\u00e9bloquer le niveau suivant&#8221;) sera le th\u00e8me de cette ann\u00e9e. Il souligne l&#8217;ambition de pousser l&#8217;industrie de la mode vers des horizons nouveaux et plus durables, \u00e0 travers des d\u00e9bats et l&#8217;exploration de sujets cruciaux tels que <strong>l&#8217;agenda politique de la mode, l&#8217;innovation et l&#8217;intelligence artificielle, la pr\u00e9servation de l&#8217;art du luxe, la promotion d&#8217;un salaire digne pour tous, les chemins vers l&#8217;association indig\u00e8ne, la responsabilit\u00e9 \u00e9tendue et les futurs de l&#8217;approvisionnement circulaire.<\/strong><\/p>\n\n\n\n<p>V\u00e9ritable carrefour d&#8217;id\u00e9es novatrices, le Sommet confirme d\u2019ores et d\u00e9j\u00e0 la participation de figures \u00e9minentes de l&#8217;industrie, parmi lesquelles Aishwarya Sharma, activiste de la mode et ambassadrice de Global Gols, Ahmed Zaidi de Hyran Technologies, Emily Stochl de Remake, et Vanessa Friedman du New York Times. Ces intervenants, parmi d&#8217;autres, partageront leurs visions et exp\u00e9riences pour faire face aux d\u00e9fis de la mode.<\/p>\n\n\n\n<p>L&#8217;espace &#8220;Action Stage&#8221; offrira un cadre plus intime pour explorer des \u00e9tudes de cas concr\u00e8tes, tandis que &#8220;The Studio Stage&#8221; favorisera des \u00e9changes ouverts en format de tables rondes.&nbsp;Le &#8220;Forum d&#8217;Innovation&#8221; se pr\u00e9sente comme une opportunit\u00e9 unique pour les entreprises de mode de d\u00e9couvrir et d&#8217;int\u00e9grer les solutions durables les plus prometteuses.<\/p>\n\n\n\n<p>Photo : Global Fashion Agenda<\/p>\n\n\n\n<p><strong><a href=\"https:\/\/globalfashionagenda.org\" target=\"_blank\" rel=\"noopener\" title=\"Aller sur le site de Global Fashion Agenda \">Aller sur le site de Global Fashion Agenda <\/a><\/strong><\/p>\n\n\n\n<p><a href=\"https:\/\/pearlsmagazine.com\/webvieja\" title=\"Retrouvez l'actualit\u00e9 de la mode \u00e9thique dans notre magazine\">Retrouvez l&#8217;actualit\u00e9 de la mode \u00e9thique dans notre magazine<\/a><\/p>\n","protected":false},"excerpt":{"rendered":"<p>La transition vers une mode plus \u00e9thique et durable se fait \u00e0 son rythme, mais quel est le pas suivant ? Que faut-il mettre en place pour aller de l&#8217;avant et quitter les r\u00e9sistances \u00e0 ce changement in\u00e9vitable ? Du [&hellip;]<\/p>\n","protected":false},"author":1,"featured_media":34639,"comment_status":"closed","ping_status":"open","sticky":false,"template":"","format":"standard","meta":{"om_disable_all_campaigns":false,"_monsterinsights_skip_tracking":false,"_monsterinsights_sitenote_active":false,"_monsterinsights_sitenote_note":"","_monsterinsights_sitenote_category":0,"footnotes":""},"categories":[200],"tags":[233,1168,1167,344,208,409,348,1169],"class_list":["post-34631","post","type-post","status-publish","format-standard","has-post-thumbnail","hentry","category-tendances","tag-a-la-une","tag-copenhague","tag-global-fashion-summit","tag-mode","tag-mode-durable","tag-mode-ecoresponsable","tag-pearlsmagazine","tag-transition-ecologique"],"aioseo_notices":[],"_links":{"self":[{"href":"https:\/\/pearlsmagazine.com\/webvieja\/wp-json\/wp\/v2\/posts\/34631","targetHints":{"allow":["GET"]}}],"collection":[{"href":"https:\/\/pearlsmagazine.com\/webvieja\/wp-json\/wp\/v2\/posts"}],"about":[{"href":"https:\/\/pearlsmagazine.com\/webvieja\/wp-json\/wp\/v2\/types\/post"}],"author":[{"embeddable":true,"href":"https:\/\/pearlsmagazine.com\/webvieja\/wp-json\/wp\/v2\/users\/1"}],"replies":[{"embeddable":true,"href":"https:\/\/pearlsmagazine.com\/webvieja\/wp-json\/wp\/v2\/comments?post=34631"}],"version-history":[{"count":2,"href":"https:\/\/pearlsmagazine.com\/webvieja\/wp-json\/wp\/v2\/posts\/34631\/revisions"}],"predecessor-version":[{"id":34642,"href":"https:\/\/pearlsmagazine.com\/webvieja\/wp-json\/wp\/v2\/posts\/34631\/revisions\/34642"}],"wp:featuredmedia":[{"embeddable":true,"href":"https:\/\/pearlsmagazine.com\/webvieja\/wp-json\/wp\/v2\/media\/34639"}],"wp:attachment":[{"href":"https:\/\/pearlsmagazine.com\/webvieja\/wp-json\/wp\/v2\/media?parent=34631"}],"wp:term":[{"taxonomy":"category","embeddable":true,"href":"https:\/\/pearlsmagazine.com\/webvieja\/wp-json\/wp\/v2\/categories?post=34631"},{"taxonomy":"post_tag","embeddable":true,"href":"https:\/\/pearlsmagazine.com\/webvieja\/wp-json\/wp\/v2\/tags?post=34631"}],"curies":[{"name":"wp","href":"https:\/\/api.w.org\/{rel}","templated":true}]}}