{"id":34652,"date":"2024-02-15T18:27:04","date_gmt":"2024-02-15T17:27:04","guid":{"rendered":"https:\/\/pearlsmagazine.com\/webvieja\/?p=34652"},"modified":"2024-02-15T18:27:37","modified_gmt":"2024-02-15T17:27:37","slug":"premiere-vision-paris-confirme-sa-position-de-leader-en-innovations","status":"publish","type":"post","link":"https:\/\/pearlsmagazine.com\/webvieja\/premiere-vision-paris-confirme-sa-position-de-leader-en-innovations\/","title":{"rendered":"Premi\u00e8re Vision Paris confirme sa position de leader en innovations"},"content":{"rendered":"\n<p><strong><a href=\"https:\/\/www.premierevision.com\/fr\/\" target=\"_blank\" rel=\"noopener\" title=\"Premi\u00e8re Vision Paris \">Premi\u00e8re Vision Paris <\/a><\/strong>a cl\u00f4tur\u00e9 avec succ\u00e8s le 8 f\u00e9vrier une \u00e9dition affirmant sa position de leader dans l&#8217;industrie de la mode. Cet \u00e9v\u00e9nement de trois jours a servi de plateforme dynamique pour 1 180 exposants internationaux, d\u00e9voilant leurs innovations devant 30 340 visiteurs venus de 125 pays.\u00a0<\/p>\n\n\n\n<h2 class=\"wp-block-heading\">L\u2019introduction de stocks dormants et du secteur &#8220;360\u00ba Cuir : De la Ferme \u00e0 la Tech\u201d<\/h2>\n\n\n\n<p>L&#8217;\u00e9dition de f\u00e9vrier s&#8217;est appuy\u00e9e sur plusieurs piliers essentiels, dont une offre internationale s\u00e9lective, une analyse experte des tendances, un engagement envers la protection cr\u00e9ative et le soutien aux jeunes talents, ainsi qu&#8217;une r\u00e9ponse adapt\u00e9e aux d\u00e9fis actuels et futurs de l&#8217;industrie. Parmi les initiatives marquantes, on note le Marketplace pour la digitalisation, l&#8217;offre Smart Creation pour la durabilit\u00e9, le d\u00e9veloppement de codes de performance, et l&#8217;introduction d&#8217;une zone de Stock Dormant. Le salon a \u00e9galement innov\u00e9 avec une offre technologique et le secteur \u00ab 360\u00b0 Cuir : De la Ferme \u00e0 la Tech \u00bb, t\u00e9moignant d&#8217;une approche proactive face aux d\u00e9fis du secteur.<\/p>\n\n\n\n<p>Le programme riche en discussions et pitches d&#8217;exposants, ainsi que les \u00e9tudes r\u00e9alis\u00e9es avec l&#8217;Institut Fran\u00e7ais de la Mode, ont contribu\u00e9 \u00e0 \u00e9clairer et informer la communaut\u00e9 de la mode. L&#8217;introduction de nouveaux services, tels que les visites guid\u00e9es, les ateliers et les guides audio pour les forums de mode, a enrichi l&#8217;exp\u00e9rience des visiteurs.<\/p>\n\n\n<div class=\"wp-block-image\">\n<figure class=\"aligncenter size-large is-resized\"><a href=\"https:\/\/pearlsmagazine.com\/webvieja\/wp-content\/uploads\/2024\/02\/PV-Paris.Cuir_.jpeg\" rel=\"lightbox[34652]\"><img loading=\"lazy\" decoding=\"async\" width=\"1024\" height=\"682\" src=\"https:\/\/pearlsmagazine.com\/webvieja\/wp-content\/uploads\/2024\/02\/PV-Paris.Cuir_-1024x682.jpeg\" alt=\"\" class=\"wp-image-34653\" style=\"width:624px;height:auto\" srcset=\"https:\/\/pearlsmagazine.com\/webvieja\/wp-content\/uploads\/2024\/02\/PV-Paris.Cuir_-1024x682.jpeg 1024w, https:\/\/pearlsmagazine.com\/webvieja\/wp-content\/uploads\/2024\/02\/PV-Paris.Cuir_-300x200.jpeg 300w, https:\/\/pearlsmagazine.com\/webvieja\/wp-content\/uploads\/2024\/02\/PV-Paris.Cuir_-768x512.jpeg 768w, https:\/\/pearlsmagazine.com\/webvieja\/wp-content\/uploads\/2024\/02\/PV-Paris.Cuir_.jpeg 1181w\" sizes=\"auto, (max-width: 1024px) 100vw, 1024px\" \/><\/a><\/figure>\n<\/div>\n\n\n<h2 class=\"wp-block-heading\">Rendez-vous en juillet<\/h2>\n\n\n\n<p>La prochaine \u00e9dition, pr\u00e9vue du 2 au 4 juillet 2024, suscite d\u00e9j\u00e0 beaucoup d\u2019int\u00e9r\u00eat, notamment en raison de sa proximit\u00e9 avec les Jeux Olympiques. Gilles Lasbordes, directeur g\u00e9n\u00e9ral de Premi\u00e8re Vision, se dit confiant pour l&#8217;avenir, fort du succ\u00e8s de l&#8217;\u00e9dition de f\u00e9vrier et des indicateurs positifs pour juillet.<\/p>\n\n\n\n<p>Premi\u00e8re Vision Paris renforce \u00e9galement sa collaboration avec Paris je t&#8217;aime &#8211; Office de tourisme, mettant en avant l&#8217;importance de ces \u00e9v\u00e9nements pour promouvoir Paris comme destination cl\u00e9 de la mode cr\u00e9ative. Les \u00e9v\u00e9nements \u00e0 venir, tels que Made in France, Premi\u00e8re Vision Paris et Blossom Premi\u00e8re Vision, promettent un calendrier riche pour l&#8217;industrie textile mondiale.<\/p>\n\n\n<div class=\"wp-block-image\">\n<figure class=\"aligncenter size-large is-resized\"><a href=\"https:\/\/pearlsmagazine.com\/webvieja\/wp-content\/uploads\/2024\/02\/PV.jpeg\" rel=\"lightbox[34652]\"><img loading=\"lazy\" decoding=\"async\" width=\"1024\" height=\"682\" src=\"https:\/\/pearlsmagazine.com\/webvieja\/wp-content\/uploads\/2024\/02\/PV-1024x682.jpeg\" alt=\"\" class=\"wp-image-34656\" style=\"width:628px;height:auto\" srcset=\"https:\/\/pearlsmagazine.com\/webvieja\/wp-content\/uploads\/2024\/02\/PV-1024x682.jpeg 1024w, https:\/\/pearlsmagazine.com\/webvieja\/wp-content\/uploads\/2024\/02\/PV-300x200.jpeg 300w, https:\/\/pearlsmagazine.com\/webvieja\/wp-content\/uploads\/2024\/02\/PV-768x512.jpeg 768w, https:\/\/pearlsmagazine.com\/webvieja\/wp-content\/uploads\/2024\/02\/PV-1536x1024.jpeg 1536w, https:\/\/pearlsmagazine.com\/webvieja\/wp-content\/uploads\/2024\/02\/PV.jpeg 1772w\" sizes=\"auto, (max-width: 1024px) 100vw, 1024px\" \/><\/a><\/figure>\n<\/div>\n\n\n<p>Les crit\u00e8res de s\u00e9lection des exposants, ax\u00e9s sur la qualit\u00e9, la cr\u00e9ativit\u00e9, le d\u00e9veloppement durable et la capacit\u00e9 \u00e0 r\u00e9pondre aux demandes internationales, garantissent une offre de haut niveau.&nbsp;Les initiatives comme les programmes Hosted Guest et Matchmaking soulignent l&#8217;engagement de Premi\u00e8re Vision envers des relations commerciales durables, r\u00e9pondant aux besoins \u00e9volutifs des marques et des consommateurs en mati\u00e8re de qualit\u00e9, de pr\u00e9servation des \u00e9cosyst\u00e8mes et de tra\u00e7abilit\u00e9.<\/p>\n\n\n\n<p>L&#8217;exp\u00e9rience immersive des forums de mode, compl\u00e9t\u00e9e par des guides audio multilingues, a offert une vue d&#8217;ensemble avant-gardiste des derniers d\u00e9veloppements cr\u00e9atifs, enrichissant l&#8217;exp\u00e9rience des visiteurs.<\/p>\n\n\n\n<p>Photos : PV Paris<\/p>\n\n\n\n<p><strong><a href=\"https:\/\/www.premierevision.com\/fr\/\" target=\"_blank\" rel=\"noopener\" title=\"Aller sur le site de Premi\u00e8re Vision \">Aller sur le site de Premi\u00e8re Vision <\/a><\/strong><\/p>\n\n\n\n<p><a href=\"https:\/\/pearlsmagazine.com\/webvieja\" title=\"Retrouvez l'actualit\u00e9 de la mode \u00e9thique dans notre magazine\">Retrouvez l&#8217;actualit\u00e9 de la mode \u00e9thique dans notre magazine<\/a><\/p>\n","protected":false},"excerpt":{"rendered":"<p>Premi\u00e8re Vision Paris a cl\u00f4tur\u00e9 avec succ\u00e8s le 8 f\u00e9vrier une \u00e9dition affirmant sa position de leader dans l&#8217;industrie de la mode. Cet \u00e9v\u00e9nement de trois jours a servi de plateforme dynamique pour 1 180 exposants internationaux, d\u00e9voilant leurs innovations [&hellip;]<\/p>\n","protected":false},"author":1,"featured_media":34659,"comment_status":"closed","ping_status":"open","sticky":false,"template":"","format":"standard","meta":{"om_disable_all_campaigns":false,"_monsterinsights_skip_tracking":false,"_monsterinsights_sitenote_active":false,"_monsterinsights_sitenote_note":"","_monsterinsights_sitenote_category":0,"footnotes":""},"categories":[199],"tags":[233,273,344,208,1173,212,981,348,1045,1046],"class_list":["post-34652","post","type-post","status-publish","format-standard","has-post-thumbnail","hentry","category-rencontres","tag-a-la-une","tag-innovation","tag-mode","tag-mode-durable","tag-mode-ecoresponsable-2","tag-mode-ethique","tag-paris","tag-pearlsmagazine","tag-premiere-vision","tag-tissus"],"aioseo_notices":[],"_links":{"self":[{"href":"https:\/\/pearlsmagazine.com\/webvieja\/wp-json\/wp\/v2\/posts\/34652","targetHints":{"allow":["GET"]}}],"collection":[{"href":"https:\/\/pearlsmagazine.com\/webvieja\/wp-json\/wp\/v2\/posts"}],"about":[{"href":"https:\/\/pearlsmagazine.com\/webvieja\/wp-json\/wp\/v2\/types\/post"}],"author":[{"embeddable":true,"href":"https:\/\/pearlsmagazine.com\/webvieja\/wp-json\/wp\/v2\/users\/1"}],"replies":[{"embeddable":true,"href":"https:\/\/pearlsmagazine.com\/webvieja\/wp-json\/wp\/v2\/comments?post=34652"}],"version-history":[{"count":1,"href":"https:\/\/pearlsmagazine.com\/webvieja\/wp-json\/wp\/v2\/posts\/34652\/revisions"}],"predecessor-version":[{"id":34662,"href":"https:\/\/pearlsmagazine.com\/webvieja\/wp-json\/wp\/v2\/posts\/34652\/revisions\/34662"}],"wp:featuredmedia":[{"embeddable":true,"href":"https:\/\/pearlsmagazine.com\/webvieja\/wp-json\/wp\/v2\/media\/34659"}],"wp:attachment":[{"href":"https:\/\/pearlsmagazine.com\/webvieja\/wp-json\/wp\/v2\/media?parent=34652"}],"wp:term":[{"taxonomy":"category","embeddable":true,"href":"https:\/\/pearlsmagazine.com\/webvieja\/wp-json\/wp\/v2\/categories?post=34652"},{"taxonomy":"post_tag","embeddable":true,"href":"https:\/\/pearlsmagazine.com\/webvieja\/wp-json\/wp\/v2\/tags?post=34652"}],"curies":[{"name":"wp","href":"https:\/\/api.w.org\/{rel}","templated":true}]}}