{"id":34667,"date":"2024-02-16T13:29:20","date_gmt":"2024-02-16T12:29:20","guid":{"rendered":"https:\/\/pearlsmagazine.com\/webvieja\/?p=34667"},"modified":"2024-02-16T13:29:21","modified_gmt":"2024-02-16T12:29:21","slug":"comite-colbert-un-3eme-magazine-dedie-a-la-durabilite","status":"publish","type":"post","link":"https:\/\/pearlsmagazine.com\/webvieja\/comite-colbert-un-3eme-magazine-dedie-a-la-durabilite\/","title":{"rendered":"Comit\u00e9 Colbert : un 3\u00e8me magazine d\u00e9di\u00e9 \u00e0 la durabilit\u00e9"},"content":{"rendered":"\n<p><strong><a href=\"https:\/\/www.comitecolbert.com\" target=\"_blank\" rel=\"noopener\" title=\"Le Comit\u00e9 Colbert\">Le Comit\u00e9 Colbert<\/a><\/strong>, porte-drapeau de l&#8217;excellence fran\u00e7aise dans l&#8217;univers du luxe, publie pour la troisi\u00e8me ann\u00e9e cons\u00e9cutive un magazine d\u00e9di\u00e9 \u00e0 ses engagements en mati\u00e8re d&#8217;environnement, de social et de gouvernance (ESG). Ce num\u00e9ro sp\u00e9cial, intitul\u00e9 \u00ab <em>French Luxury is reinventing the life cycle of products <\/em>\u00bb, a \u00e9t\u00e9 distribu\u00e9 en exclusivit\u00e9 avec le New York Times du 16 f\u00e9vrier 2024, marquant ainsi une d\u00e9marche ambitieuse visant \u00e0 sensibiliser le premier march\u00e9 du luxe mondial, les \u00c9tats-Unis, aux initiatives durables des 93 maisons membres du Comit\u00e9.<\/p>\n\n\n<div class=\"wp-block-image\">\n<figure class=\"aligncenter size-full is-resized\"><a href=\"https:\/\/pearlsmagazine.com\/webvieja\/wp-content\/uploads\/2024\/02\/Comite-Colbert.durabilite.png\" rel=\"lightbox[34667]\"><img loading=\"lazy\" decoding=\"async\" width=\"567\" height=\"765\" src=\"https:\/\/pearlsmagazine.com\/webvieja\/wp-content\/uploads\/2024\/02\/Comite-Colbert.durabilite.png\" alt=\"\" class=\"wp-image-34668\" style=\"width:457px;height:auto\" srcset=\"https:\/\/pearlsmagazine.com\/webvieja\/wp-content\/uploads\/2024\/02\/Comite-Colbert.durabilite.png 567w, https:\/\/pearlsmagazine.com\/webvieja\/wp-content\/uploads\/2024\/02\/Comite-Colbert.durabilite-222x300.png 222w\" sizes=\"auto, (max-width: 567px) 100vw, 567px\" \/><\/a><\/figure>\n<\/div>\n\n\n<h2 class=\"wp-block-heading\">La durabilit\u00e9 comme objectif de bien commun<\/h2>\n\n\n\n<p>Fond\u00e9 en 1954 par Jean-Jacques Guerlain, le Comit\u00e9 Colbert s&#8217;\u00e9rige en repr\u00e9sentant majeur de l&#8217;industrie du luxe fran\u00e7ais, embrassant une vision collective et avant-gardiste de la durabilit\u00e9. Laurent Boillot, pr\u00e9sident de Hennessy et actuel pr\u00e9sident du Comit\u00e9, souligne l&#8217;importance d&#8217;une d\u00e9marche collaborative pour transformer la durabilit\u00e9 en un objectif de bien commun plut\u00f4t qu&#8217;en un simple avantage comp\u00e9titif. Cette vision est incarn\u00e9e par l&#8217;engagement des maisons membres \u00e0 innover dans tous les domaines de la durabilit\u00e9, enrichis par une intelligence collective et des \u00e9changes fructueux.<\/p>\n\n\n\n<p>Le magazine met en avant les portraits de 14 employ\u00e9s issus de diverses maisons du Comit\u00e9, t\u00e9moignant de l&#8217;engagement personnel et collectif en faveur de la durabilit\u00e9. Ces r\u00e9cits soulignent que l&#8217;innovation et l&#8217;engagement pour un luxe plus responsable jaillissent \u00e0 tous les niveaux de l&#8217;entreprise, d\u00e9montrant une volont\u00e9 de d\u00e9cloisonner les approches en mati\u00e8re de sustainability.<\/p>\n\n\n\n<h2 class=\"wp-block-heading\">Des donn\u00e9es cl\u00e9s sur l\u2019engagement des Maisons<\/h2>\n\n\n\n<p>L&#8217;\u00e9dition de cette ann\u00e9e pr\u00e9sente des donn\u00e9es cl\u00e9s sur les pratiques ESG dans le secteur du luxe fran\u00e7ais, r\u00e9v\u00e9lant notamment que<strong> 96% des maisons membres ont r\u00e9alis\u00e9 un bilan carbone \u00e9tendu, que 87% m\u00e8nent des actions en faveur de la biodiversit\u00e9, et que 100% ont adopt\u00e9 des politiques de r\u00e9duction et de valorisation des d\u00e9chets<\/strong>. Ces chiffres, issus d&#8217;un questionnaire envoy\u00e9 aux maisons membres, offrent une vision collective in\u00e9dite des efforts du secteur en mati\u00e8re de d\u00e9veloppement durable.<\/p>\n\n\n\n<p>Un dossier sp\u00e9cial explore l&#8217;innovation \u00e0 travers le cycle de vie des produits, depuis la question de la subsistance des ressources menac\u00e9es jusqu&#8217;aux enjeux de l&#8217;\u00e9co-conception, du packaging, de la transparence, de l&#8217;upcycling et des modes de transport innovants. Cette section souligne les initiatives, les succ\u00e8s, mais aussi les questionnements des maisons de luxe dans leur qu\u00eate d&#8217;un mod\u00e8le plus durable.<\/p>\n\n\n\n<p>Le magazine ne manque pas de mettre en lumi\u00e8re des r\u00e9sultats tangibles, comme le nombre de r\u00e9parations effectu\u00e9es par Herm\u00e8s, le taux de revalorisation des invendus chez Celine, ou encore les efforts de Kering pour r\u00e9duire ses \u00e9missions de carbone. Ces succ\u00e8s refl\u00e8tent la capacit\u00e9 des Maisons du Comit\u00e9 Colbert \u00e0 mettre en \u0153uvre des mesures concr\u00e8tes ayant un impact significatif sur l&#8217;environnement et la soci\u00e9t\u00e9.<\/p>\n\n\n\n<p>Au-del\u00e0 de l&#8217;environnement, le Comit\u00e9 Colbert met l&#8217;accent sur d&#8217;autres dimensions de la responsabilit\u00e9 sociale, telles que l&#8217;\u00e9galit\u00e9 des sexes, la diversit\u00e9, la lutte contre les violences faites aux femmes, et le soutien \u00e0 la culture et aux entrepreneuses \u00e0 impact. Cette approche holistique d\u00e9montre que l&#8217;engagement du luxe fran\u00e7ais va bien au-del\u00e0 de la production d&#8217;objets de d\u00e9sir, visant \u00e0 agir positivement sur le monde.<\/p>\n\n\n\n<p>Avec la publication de \u00ab <em>French Luxury is reinventing the life cycle of products<\/em> \u00bb, le Comit\u00e9 Colbert r\u00e9affirme son r\u00f4le de pionnier dans la r\u00e9flexion et l&#8217;action pour un avenir durable, illustrant l&#8217;engagement profond des maisons de luxe fran\u00e7aises envers une vision \u00e0 long terme de l&#8217;excellence et de la responsabilit\u00e9.<\/p>\n\n\n\n<p>Photos : Comit\u00e9 Colbert<\/p>\n\n\n\n<p><strong><a href=\"https:\/\/www.comitecolbert.com\" target=\"_blank\" rel=\"noopener\" title=\"Aller sur le site du Comit\u00e9 Colbert\">Aller sur le site du Comit\u00e9 Colbert<\/a><\/strong><\/p>\n\n\n\n<p><a href=\"https:\/\/pearlsmagazine.com\/webvieja\" title=\"Retrouvez l'actualit\u00e9 de la mode \u00e9thique dans notre magazine\">Retrouvez l&#8217;actualit\u00e9 de la mode \u00e9thique dans notre magazine<\/a><\/p>\n","protected":false},"excerpt":{"rendered":"<p>Le Comit\u00e9 Colbert, porte-drapeau de l&#8217;excellence fran\u00e7aise dans l&#8217;univers du luxe, publie pour la troisi\u00e8me ann\u00e9e cons\u00e9cutive un magazine d\u00e9di\u00e9 \u00e0 ses engagements en mati\u00e8re d&#8217;environnement, de social et de gouvernance (ESG). Ce num\u00e9ro sp\u00e9cial, intitul\u00e9 \u00ab French Luxury is [&hellip;]<\/p>\n","protected":false},"author":1,"featured_media":34671,"comment_status":"closed","ping_status":"open","sticky":false,"template":"","format":"standard","meta":{"om_disable_all_campaigns":false,"_monsterinsights_skip_tracking":false,"_monsterinsights_sitenote_active":false,"_monsterinsights_sitenote_note":"","_monsterinsights_sitenote_category":0,"footnotes":""},"categories":[200],"tags":[233,1175,1052,1176,275,344,250,409,212,981,348],"class_list":["post-34667","post","type-post","status-publish","format-standard","has-post-thumbnail","hentry","category-tendances","tag-a-la-une","tag-comite-colbert","tag-durabilite","tag-france","tag-luxe","tag-mode","tag-mode-circulaire","tag-mode-ecoresponsable","tag-mode-ethique","tag-paris","tag-pearlsmagazine"],"aioseo_notices":[],"_links":{"self":[{"href":"https:\/\/pearlsmagazine.com\/webvieja\/wp-json\/wp\/v2\/posts\/34667","targetHints":{"allow":["GET"]}}],"collection":[{"href":"https:\/\/pearlsmagazine.com\/webvieja\/wp-json\/wp\/v2\/posts"}],"about":[{"href":"https:\/\/pearlsmagazine.com\/webvieja\/wp-json\/wp\/v2\/types\/post"}],"author":[{"embeddable":true,"href":"https:\/\/pearlsmagazine.com\/webvieja\/wp-json\/wp\/v2\/users\/1"}],"replies":[{"embeddable":true,"href":"https:\/\/pearlsmagazine.com\/webvieja\/wp-json\/wp\/v2\/comments?post=34667"}],"version-history":[{"count":1,"href":"https:\/\/pearlsmagazine.com\/webvieja\/wp-json\/wp\/v2\/posts\/34667\/revisions"}],"predecessor-version":[{"id":34674,"href":"https:\/\/pearlsmagazine.com\/webvieja\/wp-json\/wp\/v2\/posts\/34667\/revisions\/34674"}],"wp:featuredmedia":[{"embeddable":true,"href":"https:\/\/pearlsmagazine.com\/webvieja\/wp-json\/wp\/v2\/media\/34671"}],"wp:attachment":[{"href":"https:\/\/pearlsmagazine.com\/webvieja\/wp-json\/wp\/v2\/media?parent=34667"}],"wp:term":[{"taxonomy":"category","embeddable":true,"href":"https:\/\/pearlsmagazine.com\/webvieja\/wp-json\/wp\/v2\/categories?post=34667"},{"taxonomy":"post_tag","embeddable":true,"href":"https:\/\/pearlsmagazine.com\/webvieja\/wp-json\/wp\/v2\/tags?post=34667"}],"curies":[{"name":"wp","href":"https:\/\/api.w.org\/{rel}","templated":true}]}}