{"id":34684,"date":"2024-02-19T12:28:55","date_gmt":"2024-02-19T11:28:55","guid":{"rendered":"https:\/\/pearlsmagazine.com\/webvieja\/?p=34684"},"modified":"2024-02-19T12:40:46","modified_gmt":"2024-02-19T11:40:46","slug":"phalaenopsis-celebre-ses-20-ans-avec-une-collection-inedite-en-precommande","status":"publish","type":"post","link":"https:\/\/pearlsmagazine.com\/webvieja\/phalaenopsis-celebre-ses-20-ans-avec-une-collection-inedite-en-precommande\/","title":{"rendered":"Phalaenopsis f\u00eate ses 20 ans avec une collection in\u00e9dite en pr\u00e9commande"},"content":{"rendered":"\n<p>La marque de mode \u00e9thique,\u00a0<strong>Phalaenopsis<\/strong>, c\u00e9l\u00e8bre son vingti\u00e8me anniversaire avec le lancement d&#8217;une collection in\u00e9dite, marquant deux d\u00e9cennies d&#8217;innovation et d&#8217;engagement \u00e9cologique. Cette collection se distingue par l&#8217;utilisation de fibres textiles innovantes et \u00e9cologiques, promettant un impact positif sur l&#8217;environnement et offrant une alternative durable aux amateurs de mode consciente.<\/p>\n\n\n<div class=\"wp-block-image\">\n<figure class=\"aligncenter size-large is-resized\"><a href=\"https:\/\/pearlsmagazine.com\/webvieja\/wp-content\/uploads\/2024\/02\/Phalaenopsis.robe-elise.jpg\" rel=\"lightbox[34684]\"><img loading=\"lazy\" decoding=\"async\" width=\"649\" height=\"1024\" src=\"https:\/\/pearlsmagazine.com\/webvieja\/wp-content\/uploads\/2024\/02\/Phalaenopsis.robe-elise-649x1024.jpg\" alt=\"\" class=\"wp-image-34689\" style=\"width:477px;height:auto\" srcset=\"https:\/\/pearlsmagazine.com\/webvieja\/wp-content\/uploads\/2024\/02\/Phalaenopsis.robe-elise-649x1024.jpg 649w, https:\/\/pearlsmagazine.com\/webvieja\/wp-content\/uploads\/2024\/02\/Phalaenopsis.robe-elise-190x300.jpg 190w, https:\/\/pearlsmagazine.com\/webvieja\/wp-content\/uploads\/2024\/02\/Phalaenopsis.robe-elise-768x1213.jpg 768w, https:\/\/pearlsmagazine.com\/webvieja\/wp-content\/uploads\/2024\/02\/Phalaenopsis.robe-elise.jpg 945w\" sizes=\"auto, (max-width: 649px) 100vw, 649px\" \/><\/a><figcaption class=\"wp-element-caption\">Collection Printemps\/\u00c9t\u00e9 2015 de Phalaenopsis<\/figcaption><\/figure>\n<\/div>\n\n\n<p>D\u00e9velopp\u00e9e \u00e0 partir de mati\u00e8res premi\u00e8res \u00e9cologiques, certifi\u00e9es et labellis\u00e9es, cette collection compos\u00e9e de t-shirts, sweat, robe, chemise, combinaison, jupe et pantalon met en avant les fibres&nbsp;<strong>Ecovero<\/strong>,&nbsp;<strong>Na\u00efa<\/strong>,&nbsp;<strong>SeaCell<\/strong>&nbsp;(\u00e0 base d\u2019algue),&nbsp;<strong>Pinatex<\/strong>&nbsp;(\u00e0 base d&#8217;ananas), les fibres de&nbsp;<strong>Bananier<\/strong>,&nbsp;<strong>Menthe<\/strong>,&nbsp;<strong>Lin<\/strong>, et&nbsp;<strong>Coton organique<\/strong>, ainsi que le&nbsp;<strong>Seaqual<\/strong>&nbsp;et&nbsp;<strong>rPET<\/strong>&nbsp;en recyclage.&nbsp;<\/p>\n\n\n\n<h2 class=\"wp-block-heading\"><strong>Fabrication fran\u00e7aise dans un atelier \u00e0 Paris<\/strong><\/h2>\n\n\n\n<p>Soulignant l&#8217;importance d&#8217;une production locale, Phalaenopsis s&#8217;est associ\u00e9e \u00e0 un atelier parisien renomm\u00e9, employant une trentaine de m\u00e9caniciens et artisans passionn\u00e9s. Ce partenariat garantit non seulement une qualit\u00e9 exceptionnelle mais contribue \u00e9galement \u00e0 maintenir et valoriser le savoir-faire textile fran\u00e7ais, tout en assurant une production rentable sur le territoire national.<\/p>\n\n\n<div class=\"wp-block-image\">\n<figure class=\"aligncenter size-full is-resized\"><a href=\"https:\/\/pearlsmagazine.com\/webvieja\/wp-content\/uploads\/2024\/02\/Phalaenopsis.ete_.jpg\" rel=\"lightbox[34684]\"><img loading=\"lazy\" decoding=\"async\" width=\"945\" height=\"642\" src=\"https:\/\/pearlsmagazine.com\/webvieja\/wp-content\/uploads\/2024\/02\/Phalaenopsis.ete_.jpg\" alt=\"\" class=\"wp-image-34692\" style=\"width:819px;height:auto\" srcset=\"https:\/\/pearlsmagazine.com\/webvieja\/wp-content\/uploads\/2024\/02\/Phalaenopsis.ete_.jpg 945w, https:\/\/pearlsmagazine.com\/webvieja\/wp-content\/uploads\/2024\/02\/Phalaenopsis.ete_-300x204.jpg 300w, https:\/\/pearlsmagazine.com\/webvieja\/wp-content\/uploads\/2024\/02\/Phalaenopsis.ete_-768x522.jpg 768w\" sizes=\"auto, (max-width: 945px) 100vw, 945px\" \/><\/a><figcaption class=\"wp-element-caption\">Collection Printemps\/\u00c9t\u00e9 2015 de Phalaenopsis<\/figcaption><\/figure>\n<\/div>\n\n\n<p>Disponible en pr\u00e9commande jusqu&#8217;au&nbsp;<strong>15 mars 2024<\/strong>, cette initiative de production \u00e0 la demande illustre l&#8217;engagement de Phalaenopsis envers une \u00e9conomie circulaire et une r\u00e9duction significative des d\u00e9chets. L&#8217;objectif est clair : ne produire que le n\u00e9cessaire, en fonction des commandes re\u00e7ues, pour minimiser l&#8217;impact environnemental et r\u00e9pondre pr\u00e9cis\u00e9ment aux besoins des consommateurs.<\/p>\n\n\n\n<p>Photos : Phalaenopsis<\/p>\n\n\n\n<p><strong><a href=\"https:\/\/phalaenopsisparis.com\" target=\"_blank\" rel=\"noopener\" title=\"Aller sur le site de Phalaenopsis\">Aller sur le site de Phalaenopsis<\/a><\/strong><\/p>\n\n\n\n<p><a href=\"https:\/\/pearlsmagazine.com\/webvieja\" title=\"Retrouvez l'actualit\u00e9 de la mode \u00e9thique dans notre magazine\">Retrouvez l&#8217;actualit\u00e9 de la mode \u00e9thique dans notre magazine<\/a><\/p>\n","protected":false},"excerpt":{"rendered":"<p>La marque de mode \u00e9thique,\u00a0Phalaenopsis, c\u00e9l\u00e8bre son vingti\u00e8me anniversaire avec le lancement d&#8217;une collection in\u00e9dite, marquant deux d\u00e9cennies d&#8217;innovation et d&#8217;engagement \u00e9cologique. Cette collection se distingue par l&#8217;utilisation de fibres textiles innovantes et \u00e9cologiques, promettant un impact positif sur l&#8217;environnement [&hellip;]<\/p>\n","protected":false},"author":1,"featured_media":34695,"comment_status":"closed","ping_status":"open","sticky":false,"template":"","format":"standard","meta":{"om_disable_all_campaigns":false,"_monsterinsights_skip_tracking":false,"_monsterinsights_sitenote_active":false,"_monsterinsights_sitenote_note":"","_monsterinsights_sitenote_category":0,"footnotes":""},"categories":[197,1],"tags":[233,344,208,409,212,348,1179,1180],"class_list":["post-34684","post","type-post","status-publish","format-standard","has-post-thumbnail","hentry","category-mother-earth","category-organic-cosmetics","tag-a-la-une","tag-mode","tag-mode-durable","tag-mode-ecoresponsable","tag-mode-ethique","tag-pearlsmagazine","tag-phalaenopsis","tag-precommande"],"aioseo_notices":[],"_links":{"self":[{"href":"https:\/\/pearlsmagazine.com\/webvieja\/wp-json\/wp\/v2\/posts\/34684","targetHints":{"allow":["GET"]}}],"collection":[{"href":"https:\/\/pearlsmagazine.com\/webvieja\/wp-json\/wp\/v2\/posts"}],"about":[{"href":"https:\/\/pearlsmagazine.com\/webvieja\/wp-json\/wp\/v2\/types\/post"}],"author":[{"embeddable":true,"href":"https:\/\/pearlsmagazine.com\/webvieja\/wp-json\/wp\/v2\/users\/1"}],"replies":[{"embeddable":true,"href":"https:\/\/pearlsmagazine.com\/webvieja\/wp-json\/wp\/v2\/comments?post=34684"}],"version-history":[{"count":4,"href":"https:\/\/pearlsmagazine.com\/webvieja\/wp-json\/wp\/v2\/posts\/34684\/revisions"}],"predecessor-version":[{"id":34701,"href":"https:\/\/pearlsmagazine.com\/webvieja\/wp-json\/wp\/v2\/posts\/34684\/revisions\/34701"}],"wp:featuredmedia":[{"embeddable":true,"href":"https:\/\/pearlsmagazine.com\/webvieja\/wp-json\/wp\/v2\/media\/34695"}],"wp:attachment":[{"href":"https:\/\/pearlsmagazine.com\/webvieja\/wp-json\/wp\/v2\/media?parent=34684"}],"wp:term":[{"taxonomy":"category","embeddable":true,"href":"https:\/\/pearlsmagazine.com\/webvieja\/wp-json\/wp\/v2\/categories?post=34684"},{"taxonomy":"post_tag","embeddable":true,"href":"https:\/\/pearlsmagazine.com\/webvieja\/wp-json\/wp\/v2\/tags?post=34684"}],"curies":[{"name":"wp","href":"https:\/\/api.w.org\/{rel}","templated":true}]}}