{"id":34716,"date":"2024-02-21T12:54:48","date_gmt":"2024-02-21T11:54:48","guid":{"rendered":"https:\/\/pearlsmagazine.com\/webvieja\/?p=34716"},"modified":"2024-02-21T12:54:49","modified_gmt":"2024-02-21T11:54:49","slug":"fashion-revolution-week-2024-comment-devenir-un-revolutionnaire-de-la-mode","status":"publish","type":"post","link":"https:\/\/pearlsmagazine.com\/webvieja\/fashion-revolution-week-2024-comment-devenir-un-revolutionnaire-de-la-mode\/","title":{"rendered":"Fashion Revolution Week 2024 : Comment devenir un r\u00e9volutionnaire de la mode ?"},"content":{"rendered":"\n<p><strong><a href=\"https:\/\/www.fashionrevolution.org\" target=\"_blank\" rel=\"noopener\" title=\"Fashion Revolution\">Fashion Revolution<\/a><\/strong>, le mouvement d&#8217;activisme de mode leader au monde, cr\u00e9\u00e9 par Carry Somers et Orsola de Castro, annonce le d\u00e9but de la Fashion Revolution Week 2024.\u00a0Cette ann\u00e9e est particuli\u00e8rement importante car elle marque le 10\u00e8me anniversaire de l&#8217;organisation. Du 15 au 24 avril 2024, la campagne engagera dix jours d&#8217;\u00e9v\u00e9nements riches en actions, englobant un large \u00e9ventail d&#8217;activit\u00e9s locales \u00e0 travers le monde, sous le th\u00e8me inspirant &#8220;<em>Comment devenir un r\u00e9volutionnaire de la mode ?<\/em> &#8220;<\/p>\n\n\n<div class=\"wp-block-image\">\n<figure class=\"aligncenter size-large is-resized\"><a href=\"https:\/\/pearlsmagazine.com\/webvieja\/wp-content\/uploads\/2024\/02\/Fashion-Revolution-Brasil-4-scaled.jpg\" rel=\"lightbox[34716]\"><img loading=\"lazy\" decoding=\"async\" width=\"1024\" height=\"683\" src=\"https:\/\/pearlsmagazine.com\/webvieja\/wp-content\/uploads\/2024\/02\/Fashion-Revolution-Brasil-4-1024x683.jpg\" alt=\"\" class=\"wp-image-34717\" style=\"width:584px;height:auto\" srcset=\"https:\/\/pearlsmagazine.com\/webvieja\/wp-content\/uploads\/2024\/02\/Fashion-Revolution-Brasil-4-1024x683.jpg 1024w, https:\/\/pearlsmagazine.com\/webvieja\/wp-content\/uploads\/2024\/02\/Fashion-Revolution-Brasil-4-300x200.jpg 300w, https:\/\/pearlsmagazine.com\/webvieja\/wp-content\/uploads\/2024\/02\/Fashion-Revolution-Brasil-4-768x512.jpg 768w, https:\/\/pearlsmagazine.com\/webvieja\/wp-content\/uploads\/2024\/02\/Fashion-Revolution-Brasil-4-1536x1024.jpg 1536w\" sizes=\"auto, (max-width: 1024px) 100vw, 1024px\" \/><\/a><\/figure>\n<\/div>\n\n\n<p>Le th\u00e8me de cette ann\u00e9e plonge dans l&#8217;essence m\u00eame du mouvement, soulignant le r\u00f4le significatif de la mode dans la propulsion de la justice sociale et environnementale. \u201c<em>L&#8217;industrie de la mode se trouve \u00e0 un carrefour critique, face aux doubles d\u00e9fis d&#8217;une crise climatique imminente et du besoin urgent de transformation<\/em>\u201d, explique Fashion Revolution dans un communiqu\u00e9. \u201c<em>La derni\u00e8re d\u00e9cennie a vu la durabilit\u00e9 passer d&#8217;une pr\u00e9occupation de niche \u00e0 un d\u00e9bat grand public, avec un nombre croissant de personnes r\u00e9fl\u00e9chissant \u00e0 l&#8217;impact de leurs choix vestimentaires. Ce changement se refl\u00e8te dans la croissance exponentielle de la communaut\u00e9 Fashion Revolution, qui a tripl\u00e9 de taille au cours des cinq derni\u00e8res ann\u00e9es.<\/em>\u201d Cette transformation culturelle est \u00e9galement soutenue par une vague de l\u00e9gislations \u00e0 venir en Europe et aux \u00c9tats-Unis, visant \u00e0 r\u00e9glementer de mani\u00e8re globale l&#8217;industrie de la mode.<\/p>\n\n\n<div class=\"wp-block-image\">\n<figure class=\"aligncenter size-full is-resized\"><a href=\"https:\/\/pearlsmagazine.com\/webvieja\/wp-content\/uploads\/2024\/02\/Fashion-Revolution-Poland.jpeg\" rel=\"lightbox[34716]\"><img loading=\"lazy\" decoding=\"async\" width=\"765\" height=\"763\" src=\"https:\/\/pearlsmagazine.com\/webvieja\/wp-content\/uploads\/2024\/02\/Fashion-Revolution-Poland.jpeg\" alt=\"\" class=\"wp-image-34720\" style=\"width:551px;height:auto\" srcset=\"https:\/\/pearlsmagazine.com\/webvieja\/wp-content\/uploads\/2024\/02\/Fashion-Revolution-Poland.jpeg 765w, https:\/\/pearlsmagazine.com\/webvieja\/wp-content\/uploads\/2024\/02\/Fashion-Revolution-Poland-300x300.jpeg 300w, https:\/\/pearlsmagazine.com\/webvieja\/wp-content\/uploads\/2024\/02\/Fashion-Revolution-Poland-150x150.jpeg 150w, https:\/\/pearlsmagazine.com\/webvieja\/wp-content\/uploads\/2024\/02\/Fashion-Revolution-Poland-550x550.jpeg 550w\" sizes=\"auto, (max-width: 765px) 100vw, 765px\" \/><\/a><\/figure>\n<\/div>\n\n\n<h2 class=\"wp-block-heading\">Un changement de paradigme lent et frustrant<\/h2>\n\n\n\n<p>\u201c<em>Historiquement per\u00e7ue comme frivole, l&#8217;industrie de la mode a pris du retard en mati\u00e8re de r\u00e9glementation et de r\u00e9forme.\u00a0Cependant, les efforts concert\u00e9s des citoyens, des ONG et des syndicats attirent d\u00e9sormais l&#8217;attention des d\u00e9cideurs politiques sur les d\u00e9fis des droits humains et environnementaux du secteur<\/em>.\u201d Le <strong><a href=\"https:\/\/www.fashionrevolution.org\/about\/transparency\/\" target=\"_blank\" rel=\"noopener\" title=\"Fashion Transparency Index\">Fashion Transparency Index<\/a><\/strong>, rapport annuel de Fashion Revolution, a donc \u00e9t\u00e9 crucial pour promouvoir la transparence dans l&#8217;industrie, avec des am\u00e9liorations significatives dans les divulgations des marques depuis sa cr\u00e9ation.<\/p>\n\n\n\n<p>Malgr\u00e9 ces avanc\u00e9es, le rythme du changement syst\u00e9mique reste frustrant et lent.\u00a0Avec la crise climatique, l\u2019augmentation des in\u00e9galit\u00e9s sociales et la d\u00e9gradation environnementale, la mise en place urgente d\u2019actions est l\u00e0.\u00a0<\/p>\n\n\n<div class=\"wp-block-image\">\n<figure class=\"aligncenter size-large is-resized\"><a href=\"https:\/\/pearlsmagazine.com\/webvieja\/wp-content\/uploads\/2024\/02\/Fashion-Revolution-Week-2024.png\" rel=\"lightbox[34716]\"><img loading=\"lazy\" decoding=\"async\" width=\"1024\" height=\"576\" src=\"https:\/\/pearlsmagazine.com\/webvieja\/wp-content\/uploads\/2024\/02\/Fashion-Revolution-Week-2024-1024x576.png\" alt=\"\" class=\"wp-image-34723\" style=\"width:694px;height:auto\" srcset=\"https:\/\/pearlsmagazine.com\/webvieja\/wp-content\/uploads\/2024\/02\/Fashion-Revolution-Week-2024-1024x576.png 1024w, https:\/\/pearlsmagazine.com\/webvieja\/wp-content\/uploads\/2024\/02\/Fashion-Revolution-Week-2024-300x169.png 300w, https:\/\/pearlsmagazine.com\/webvieja\/wp-content\/uploads\/2024\/02\/Fashion-Revolution-Week-2024-768x432.png 768w, https:\/\/pearlsmagazine.com\/webvieja\/wp-content\/uploads\/2024\/02\/Fashion-Revolution-Week-2024-1536x864.png 1536w, https:\/\/pearlsmagazine.com\/webvieja\/wp-content\/uploads\/2024\/02\/Fashion-Revolution-Week-2024.png 1920w\" sizes=\"auto, (max-width: 1024px) 100vw, 1024px\" \/><\/a><\/figure>\n<\/div>\n\n\n<h2 class=\"wp-block-heading\">Les points cl\u00e9s pour les 10 ans \u00e0 venir<\/h2>\n\n\n\n<p>La d\u00e9cennie \u00e0 venir se concentrera sur les salaires \u00e9quitables, le ralentissement de la production et,\u00a0de ce fait, la r\u00e9duction de la surproduction et des d\u00e9chets. Les efforts pour atteindre l&#8217;\u00e9galit\u00e9 de genre et raciale seront \u00e9galement intensifi\u00e9s pour \u00e9lever les voix marginalis\u00e9es.<\/p>\n\n\n\n<p>Rudo Nondo, Directeur G\u00e9n\u00e9ral par int\u00e9rim de Fashion Revolution CIC, r\u00e9fl\u00e9chit au parcours r\u00e9alis\u00e9 jusque-l\u00e0 : &#8220;<em>L&#8217;histoire de Fashion Revolution est celle d&#8217;une communaut\u00e9. Notre mouvement de base s&#8217;est d\u00e9velopp\u00e9 en un R\u00e9seau Mondial \u00e0 travers 75 pays. La derni\u00e8re d\u00e9cennie a vu la durabilit\u00e9 passer d&#8217;une pr\u00e9occupation de niche \u00e0 un d\u00e9bat grand public, avec un nombre toujours croissant de personnes r\u00e9fl\u00e9chissant \u00e0 l&#8217;impact de leurs choix vestimentaires. Ce changement est refl\u00e9t\u00e9 dans la croissance exponentielle de la communaut\u00e9 Fashion Revolution, qui a tripl\u00e9 de taille au cours des cinq derni\u00e8res ann\u00e9es.<\/em>\u201d<\/p>\n\n\n<div class=\"wp-block-image\">\n<figure class=\"aligncenter size-full is-resized\"><a href=\"https:\/\/pearlsmagazine.com\/webvieja\/wp-content\/uploads\/2024\/02\/Fashion-Revolution-India-2.jpg\" rel=\"lightbox[34716]\"><img loading=\"lazy\" decoding=\"async\" width=\"684\" height=\"456\" src=\"https:\/\/pearlsmagazine.com\/webvieja\/wp-content\/uploads\/2024\/02\/Fashion-Revolution-India-2.jpg\" alt=\"\" class=\"wp-image-34726\" style=\"width:504px;height:auto\" srcset=\"https:\/\/pearlsmagazine.com\/webvieja\/wp-content\/uploads\/2024\/02\/Fashion-Revolution-India-2.jpg 684w, https:\/\/pearlsmagazine.com\/webvieja\/wp-content\/uploads\/2024\/02\/Fashion-Revolution-India-2-300x200.jpg 300w\" sizes=\"auto, (max-width: 684px) 100vw, 684px\" \/><\/a><\/figure>\n<\/div>\n\n\n<p>Pour Fashion Revolution, chacun a son r\u00f4le \u00e0 jouer pour changer la donne. Du rassemblement de persones talentueuses \u00e0 l&#8217;enseignement de comp\u00e9tences, chaque action, si petite soit-elle, contribue \u00e0 une force collective capable de conduire un changement syst\u00e9mique.\u00a0<\/p>\n\n\n\n<p>Photos : Fashion Revolution<\/p>\n\n\n\n<p><strong><a href=\"https:\/\/www.fashionrevolution.org\" target=\"_blank\" rel=\"noopener\" title=\"Aller sur le site de Fashion Revolution\">Aller sur le site de Fashion Revolution<\/a><\/strong><\/p>\n\n\n\n<p><a href=\"https:\/\/pearlsmagazine.com\/webvieja\" title=\"Retrouvez l'actualit\u00e9 de la mode \u00e9thique dans notre magazine\">Retrouvez l&#8217;actualit\u00e9 de la mode \u00e9thique dans notre magazine<\/a><\/p>\n","protected":false},"excerpt":{"rendered":"<p>Fashion Revolution, le mouvement d&#8217;activisme de mode leader au monde, cr\u00e9\u00e9 par Carry Somers et Orsola de Castro, annonce le d\u00e9but de la Fashion Revolution Week 2024.\u00a0Cette ann\u00e9e est particuli\u00e8rement importante car elle marque le 10\u00e8me anniversaire de l&#8217;organisation. Du [&hellip;]<\/p>\n","protected":false},"author":1,"featured_media":34729,"comment_status":"closed","ping_status":"open","sticky":false,"template":"","format":"standard","meta":{"om_disable_all_campaigns":false,"_monsterinsights_skip_tracking":false,"_monsterinsights_sitenote_active":false,"_monsterinsights_sitenote_note":"","_monsterinsights_sitenote_category":0,"footnotes":""},"categories":[198],"tags":[233,1143,267,1187,250,212,348],"class_list":["post-34716","post","type-post","status-publish","format-standard","has-post-thumbnail","hentry","category-revolution","tag-a-la-une","tag-droits-de-lhomme","tag-environnement","tag-fashion-revolution","tag-mode-circulaire","tag-mode-ethique","tag-pearlsmagazine"],"aioseo_notices":[],"_links":{"self":[{"href":"https:\/\/pearlsmagazine.com\/webvieja\/wp-json\/wp\/v2\/posts\/34716","targetHints":{"allow":["GET"]}}],"collection":[{"href":"https:\/\/pearlsmagazine.com\/webvieja\/wp-json\/wp\/v2\/posts"}],"about":[{"href":"https:\/\/pearlsmagazine.com\/webvieja\/wp-json\/wp\/v2\/types\/post"}],"author":[{"embeddable":true,"href":"https:\/\/pearlsmagazine.com\/webvieja\/wp-json\/wp\/v2\/users\/1"}],"replies":[{"embeddable":true,"href":"https:\/\/pearlsmagazine.com\/webvieja\/wp-json\/wp\/v2\/comments?post=34716"}],"version-history":[{"count":1,"href":"https:\/\/pearlsmagazine.com\/webvieja\/wp-json\/wp\/v2\/posts\/34716\/revisions"}],"predecessor-version":[{"id":34732,"href":"https:\/\/pearlsmagazine.com\/webvieja\/wp-json\/wp\/v2\/posts\/34716\/revisions\/34732"}],"wp:featuredmedia":[{"embeddable":true,"href":"https:\/\/pearlsmagazine.com\/webvieja\/wp-json\/wp\/v2\/media\/34729"}],"wp:attachment":[{"href":"https:\/\/pearlsmagazine.com\/webvieja\/wp-json\/wp\/v2\/media?parent=34716"}],"wp:term":[{"taxonomy":"category","embeddable":true,"href":"https:\/\/pearlsmagazine.com\/webvieja\/wp-json\/wp\/v2\/categories?post=34716"},{"taxonomy":"post_tag","embeddable":true,"href":"https:\/\/pearlsmagazine.com\/webvieja\/wp-json\/wp\/v2\/tags?post=34716"}],"curies":[{"name":"wp","href":"https:\/\/api.w.org\/{rel}","templated":true}]}}