{"id":5291,"date":"2022-04-07T13:13:10","date_gmt":"2022-04-07T11:13:10","guid":{"rendered":"https:\/\/pearlsmagazine.com\/webvieja\/?p=5291"},"modified":"2022-04-08T14:07:26","modified_gmt":"2022-04-08T12:07:26","slug":"julia-faure-comment-limiter-le-rechauffement-climatique","status":"publish","type":"post","link":"https:\/\/pearlsmagazine.com\/webvieja\/julia-faure-comment-limiter-le-rechauffement-climatique\/","title":{"rendered":"Julia Faure: Comment limiter le r\u00e9chauffement climatique?"},"content":{"rendered":"\n<p><strong>\u201cC&#8217;est maintenant ou jamais qu&#8217;il faut limiter le r\u00e9chauffement \u00e0&nbsp;1,5\u00b0C\u201d<\/strong>, affiche le site web de l\u2019ONU. En effet, le nouveau rapport du <strong>Giec<\/strong> (Groupe d\u2019Experts Intergouvernemental sur l\u2019\u00c9volution du Climat) publi\u00e9 le 4 avril 2022, a lanc\u00e9 une nouvelle alerte face au changement climatique, le secteur textile \u00e9tant l\u2019un des principaux concern\u00e9s.<\/p>\n\n\n\n<p>En 2021, le r\u00e9chauffement climatique a augment\u00e9 de&nbsp;1,09\u00b0C et les cons\u00e9quences sur les populations et les \u00e9cosyst\u00e8mes li\u00e9es \u00e0 la s\u00e9cheresse sont d\u00e9vastatrices. Elles engendrent une r\u00e9duction de la disponibilit\u00e9 des ressources en eau et en nourriture en Afrique, en Asie et dans les petites \u00eeles notamment. L\u2019impact sur la sant\u00e9 dans toutes les r\u00e9gions du monde inflige une plus grande mortalit\u00e9, de nouvelles maladies \u00e9mergent, le chol\u00e9ra se d\u00e9veloppe et la qualit\u00e9 de l\u2019air se d\u00e9grade\u2026 Aussi, les aires de r\u00e9partition des esp\u00e8ces animales et v\u00e9g\u00e9tales baisse de moiti\u00e9.&nbsp;Les acteurs de la mode, aussi bien producteurs que consommateurs doivent agir!<\/p>\n\n\n\n<p>Comme fix\u00e9 dans <a href=\"https:\/\/ec.europa.eu\/clima\/eu-action\/international-action-climate-change\/climate-negotiations\/paris-agreement_fr\" target=\"_blank\" rel=\"noreferrer noopener\" title=\"l\u2019Accord de Paris\">l\u2019Accord de Paris<\/a>, ces effets, \u201cm\u00eame dans l\u2019hypoth\u00e8se d\u2019une limitation de la hausse des temp\u00e9ratures \u00e0 1,5\u00b0C\u201d, sont irr\u00e9m\u00e9diables. D\u2019ailleurs, entre 3,3 et 3,6 milliards d\u2019habitants vivent dans des situations tr\u00e8s vuln\u00e9rables au changement climatique. Et d\u2019ici 2050, les experts pr\u00e9voient des menaces graves pour les populations dont 1 milliard d\u2019habitants en r\u00e9gions c\u00f4ti\u00e8res&#8230;<\/p>\n\n\n\n<p>\u00c0 ce sujet, Julia Faure,&nbsp;co- fondatrice de la&nbsp;marque de mode \u00e9thique Loom&nbsp;et cr\u00e9atrice<strong> <\/strong>du&nbsp;mouvement <a href=\"http:\/\/www.enmodeclimat.fr\" title=\"En&nbsp;Mode Climat\">En&nbsp;Mode Climat<\/a>, qui r\u00e9unit 250 acteurs textile engag\u00e9s pour l&#8217;Accord de Paris, a dress\u00e9 hier, lors des <strong><a href=\"http:\/\/www.fashiongreenhub.org\" target=\"_blank\" rel=\"noreferrer noopener\" title=\"Fashion Green Days\">Fashion Green Days<\/a> <\/strong>(6-8 avril 2022), un \u00e9tat des lieux pour limiter au m\u00e1ximum l\u2019\u00e9mission des gaz \u00e0 effet de serre. Cela passe, biens\u00fbr, par une baisse significative de notre consommation.<\/p>\n\n\n\n<div class=\"wp-block-image\"><figure class=\"aligncenter size-full\"><img loading=\"lazy\" decoding=\"async\" width=\"667\" height=\"1000\" src=\"https:\/\/pearlsmagazine.com\/webvieja\/wp-content\/uploads\/2022\/04\/loom.jpeg\" alt=\"\" class=\"wp-image-5292\" srcset=\"https:\/\/pearlsmagazine.com\/webvieja\/wp-content\/uploads\/2022\/04\/loom.jpeg 667w, https:\/\/pearlsmagazine.com\/webvieja\/wp-content\/uploads\/2022\/04\/loom-200x300.jpeg 200w\" sizes=\"auto, (max-width: 667px) 100vw, 667px\" \/><figcaption>Julia Faure et Guillaume Declair de Loom<\/figcaption><\/figure><\/div>\n\n\n\n<p> <\/p>\n\n\n\n<p>Si d\u2019ici 2050, l\u2019industrie de la mode en France doit (au moins) diviser ses \u00e9missions de gaz \u00e0 effet de serre par trois, comment maintenir le r\u00e9chauffement climatique sous les 1,5 \u00e0&nbsp;2\u00b0C <strong>pour \u00e9viter la catastrophe<\/strong>?<\/p>\n\n\n\n<p>En bonnes pratiques, Julia Faure indique de privil\u00e9gier en priorit\u00e9 des mati\u00e8res premi\u00e8res \u00e9co-responsables, de recycler les v\u00eatements, d\u2019interdire la destruction des stocks invendus par incin\u00e9ration, d\u2019\u00e9conomiser l\u2019\u00e9nergie dans les bureaux et les magasins, de choisir des packagings \u00e9co-responsables et d\u2019am\u00e9liorer la r\u00e9sistance des produits gr\u00e2ce \u00e0 la technologie pour une meilleure durabilit\u00e9.<\/p>\n\n\n\n<p><\/p>\n\n\n\n<h2 class=\"wp-block-heading\">D\u2019o\u00f9 viennent les \u00e9missions de gaz \u00e0 effet de serre?<\/h2>\n\n\n\n<p>Si les \u00e9missions issues de la production des mati\u00e8res premi\u00e8res ont un impact n\u00e9gatif sur l\u2019environnement, c\u2019est surtout le processus de transformation de ces mati\u00e8res\u00a0qui en est responsable. En effet, les machines telles que les moissoneuses batteuses, les machines de filature, les m\u00e9tiers \u00e0 tisser ou les machines \u00e0 coudre consomment beaucoup d\u2019\u00e9nergie et \u00e9mettent de grandes quantit\u00e9 de CO2.<\/p>\n\n\n\n<p><\/p>\n\n\n\n<h2 class=\"wp-block-heading\">Les risques du recyclage\u2026<\/h2>\n\n\n\n<p>Concernant le recyclage, Julia Faure met en garde sur l\u2019incertitude de cette pratique \u00e9tant donn\u00e9 que <strong>la qualit\u00e9 des produits est in\u00e9vitablement d\u00e9grad\u00e9e<\/strong>, la r\u00e9sistance des v\u00eatements diminuant. Aussi, la consommation de produits recycl\u00e9s provoque un effet rebond o\u00f9 l\u2019on consomme davantage consid\u00e9rant ces produits comme \u201cfavorables pour l\u2019environnement\u201d.<\/p>\n\n\n\n<p> <\/p>\n\n\n\n<blockquote class=\"wp-block-quote is-layout-flow wp-block-quote-is-layout-flow\"><p> \u201cIl faut consommer deux fois moins de v\u00eatements aujourd\u2019hui\u201d<\/p><cite> Julia Faure<\/cite><\/blockquote>\n\n\n\n<p> <\/p>\n\n\n\n<p>Consommer deux fois moins \u00e9quivaudrait \u00e0 revenir \u00e0 la consommation des ann\u00e9es 80. Mais pourquoi notre consommation a-t\u2019elle doubl\u00e9 depuis?<\/p>\n\n\n\n<p>\u201cLa fast-fashion en est responsable. Les cha\u00eenes de mode ont choisi de d\u00e9localiser leur production, dans des pays o\u00f9 la main d\u2019oeuvre accuse des salaires tr\u00e8s bas, et propose des prix d\u00e9fiant toute concurrence&#8221;, une pratique tr\u00e8s illogique dans la conscience. Julia Faure illustre cette p\u00e9riode comme \u201cune \u00e8re de la cr\u00e9ation des d\u00e9sirs\u201d o\u00f9 les consommateurs ont pu (ou peuvent, mais peut-\u00eatre plus pour tr\u00e8s longtemps\u2026) changer de look tr\u00e8s rapidement sans trop d\u00e9penser, cr\u00e9ant des d\u00e9sirs allant \u00e0 l\u2019encontre de leurs besoins r\u00e9els de s\u2019habiller.<\/p>\n\n\n\n<p>En r\u00e9sum\u00e9, pour devenir plus \u00e9thiques et r\u00e9ussir \u00e0 freiner la consommation, \u201cles marques doivent changer leur culture et surtout gagner en sobri\u00e9t\u00e9: produire moins mais mieux. En relocalisant et en affichant les lieux de production et dans l&#8217;id\u00e9al, en investissant dans des usines fran\u00e7aises. Il va sans dire que les trop fortes incitations \u00e0 consommer doivent \u00eatre \u00e9galement p\u00e9nalis\u00e9es.\u201d<\/p>\n\n\n\n<p>Photos: Pixabay\/site web de Loom.<\/p>\n\n\n\n<p><a href=\"http:\/\/www.loom.fr\" target=\"_blank\" rel=\"noreferrer noopener\" title=\"www.loom.fr\">www.loom.fr<\/a><\/p>\n\n\n\n<p><\/p>\n\n\n\n<p><a href=\"https:\/\/pearlsmagazine.com\/webvieja\/\" title=\"ACCUEIL\">Retrouvez l&#8217;actualit\u00e9 de la mode \u00e9thique et \u00e9co-responsable dans notre magazine<\/a><\/p>\n","protected":false},"excerpt":{"rendered":"<p>\u201cC&#8217;est maintenant ou jamais qu&#8217;il faut limiter le r\u00e9chauffement \u00e0&nbsp;1,5\u00b0C\u201d, affiche le site web de l\u2019ONU. En effet, le nouveau rapport du Giec (Groupe d\u2019Experts Intergouvernemental sur l\u2019\u00c9volution du Climat) publi\u00e9 le 4 avril 2022, a lanc\u00e9 une nouvelle alerte [&hellip;]<\/p>\n","protected":false},"author":1,"featured_media":5295,"comment_status":"closed","ping_status":"open","sticky":false,"template":"","format":"standard","meta":{"om_disable_all_campaigns":false,"_monsterinsights_skip_tracking":false,"_monsterinsights_sitenote_active":false,"_monsterinsights_sitenote_note":"","_monsterinsights_sitenote_category":0,"footnotes":""},"categories":[198],"tags":[233,250,208,259,337,348,281],"class_list":["post-5291","post","type-post","status-publish","format-standard","has-post-thumbnail","hentry","category-revolution","tag-a-la-une","tag-mode-circulaire","tag-mode-durable","tag-mode-eco-responsable","tag-modeethique-2","tag-pearlsmagazine","tag-recyclage"],"aioseo_notices":[],"_links":{"self":[{"href":"https:\/\/pearlsmagazine.com\/webvieja\/wp-json\/wp\/v2\/posts\/5291","targetHints":{"allow":["GET"]}}],"collection":[{"href":"https:\/\/pearlsmagazine.com\/webvieja\/wp-json\/wp\/v2\/posts"}],"about":[{"href":"https:\/\/pearlsmagazine.com\/webvieja\/wp-json\/wp\/v2\/types\/post"}],"author":[{"embeddable":true,"href":"https:\/\/pearlsmagazine.com\/webvieja\/wp-json\/wp\/v2\/users\/1"}],"replies":[{"embeddable":true,"href":"https:\/\/pearlsmagazine.com\/webvieja\/wp-json\/wp\/v2\/comments?post=5291"}],"version-history":[{"count":5,"href":"https:\/\/pearlsmagazine.com\/webvieja\/wp-json\/wp\/v2\/posts\/5291\/revisions"}],"predecessor-version":[{"id":5318,"href":"https:\/\/pearlsmagazine.com\/webvieja\/wp-json\/wp\/v2\/posts\/5291\/revisions\/5318"}],"wp:featuredmedia":[{"embeddable":true,"href":"https:\/\/pearlsmagazine.com\/webvieja\/wp-json\/wp\/v2\/media\/5295"}],"wp:attachment":[{"href":"https:\/\/pearlsmagazine.com\/webvieja\/wp-json\/wp\/v2\/media?parent=5291"}],"wp:term":[{"taxonomy":"category","embeddable":true,"href":"https:\/\/pearlsmagazine.com\/webvieja\/wp-json\/wp\/v2\/categories?post=5291"},{"taxonomy":"post_tag","embeddable":true,"href":"https:\/\/pearlsmagazine.com\/webvieja\/wp-json\/wp\/v2\/tags?post=5291"}],"curies":[{"name":"wp","href":"https:\/\/api.w.org\/{rel}","templated":true}]}}