{"id":5299,"date":"2022-04-08T12:18:07","date_gmt":"2022-04-08T10:18:07","guid":{"rendered":"https:\/\/pearlsmagazine.com\/webvieja\/?p=5299"},"modified":"2022-04-08T17:18:34","modified_gmt":"2022-04-08T15:18:34","slug":"le-printemps-cheri-en-douceur-de-seven-august%ef%bf%bc","status":"publish","type":"post","link":"https:\/\/pearlsmagazine.com\/webvieja\/le-printemps-cheri-en-douceur-de-seven-august%ef%bf%bc\/","title":{"rendered":"Le \u201cPrintemps ch\u00e9ri\u201d en douceur de Seven August"},"content":{"rendered":"\n<p>\u201cC\u2019est en 2007 \u00e0 Paris dans le Marais que l\u2019aventure a commenc\u00e9. Tout est&nbsp;parti de ma passion pour la mode, milieu dans lequel je travaille depuis 2000.\u201d Laure Regreny, pr\u00e9sente sa marque de mode \u00e9thique, Seven\/August.<\/p>\n\n\n\n<div class=\"wp-block-image\"><figure class=\"aligncenter size-full\"><img loading=\"lazy\" decoding=\"async\" width=\"360\" height=\"480\" src=\"https:\/\/pearlsmagazine.com\/webvieja\/wp-content\/uploads\/2022\/04\/fondatrice.jpeg\" alt=\"\" class=\"wp-image-5300\" srcset=\"https:\/\/pearlsmagazine.com\/webvieja\/wp-content\/uploads\/2022\/04\/fondatrice.jpeg 360w, https:\/\/pearlsmagazine.com\/webvieja\/wp-content\/uploads\/2022\/04\/fondatrice-225x300.jpeg 225w\" sizes=\"auto, (max-width: 360px) 100vw, 360px\" \/><figcaption>Laure Regreny, fondatrice de Seven\/August<\/figcaption><\/figure><\/div>\n\n\n\n<p> <\/p>\n\n\n\n<p>La cr\u00e9atrice s\u2019inspire des gens qu\u2019elle aime, de la mer, des paysages, de la nature, des fleurs et puise dans les \u00e9motions qui la traversent. \u201cDe mon enfance au bord de la mer, j&#8217;ai gard\u00e9 en m\u00e9moire les bateaux, le bruit des vagues, l&#8217;iode, les jours heureux sur l&#8217;\u00eele avec mes fr\u00e8res. Aujourd&#8217;hui encore, ils sont une merveilleuse source d&#8217;apaisement et d&#8217;inspiration.\u201d<\/p>\n\n\n\n<p>Laure est install\u00e9e \u00e0 Bordeaux, en mode\u00a0<em>slow life<\/em>\u00a0loin de la fr\u00e9n\u00e9sie parisienne. Elle a suivi des \u00e9tudes d\u2019art notamment en photographie, en parall\u00e8le de ses \u00e9tudes de droit.\u00a0\u201cLors d\u2019un voyage \u00e0 Miami, j\u2019ai r\u00e9alis\u00e9 une s\u00e9rie de photos de palmiers tr\u00e8s\u00a0graphique, en noir et blanc, un brin fifties. Ce f\u00fbt une source d\u2019inspiration\u00a0pour d\u00e9velopper mes propres cr\u00e9ations. J\u2019ai commenc\u00e9 par une s\u00e9rie de pochettes et d\u2019affiches reprenant ce travail graphique. En 2017, la premi\u00e8re collection de Seven\/August voyait le jour.\u201d<\/p>\n\n\n\n<div class=\"wp-block-image\"><figure class=\"aligncenter size-large is-resized\"><img loading=\"lazy\" decoding=\"async\" src=\"https:\/\/pearlsmagazine.com\/webvieja\/wp-content\/uploads\/2022\/04\/SEVEN-AUGUST-Chemise-en-gaz-de-coton-105EUR-1-1024x993.jpeg\" alt=\"\" class=\"wp-image-5302\" width=\"1024\" height=\"993\" srcset=\"https:\/\/pearlsmagazine.com\/webvieja\/wp-content\/uploads\/2022\/04\/SEVEN-AUGUST-Chemise-en-gaz-de-coton-105EUR-1-1024x993.jpeg 1024w, https:\/\/pearlsmagazine.com\/webvieja\/wp-content\/uploads\/2022\/04\/SEVEN-AUGUST-Chemise-en-gaz-de-coton-105EUR-1-300x291.jpeg 300w, https:\/\/pearlsmagazine.com\/webvieja\/wp-content\/uploads\/2022\/04\/SEVEN-AUGUST-Chemise-en-gaz-de-coton-105EUR-1-768x745.jpeg 768w, https:\/\/pearlsmagazine.com\/webvieja\/wp-content\/uploads\/2022\/04\/SEVEN-AUGUST-Chemise-en-gaz-de-coton-105EUR-1.jpeg 1031w\" sizes=\"auto, (max-width: 1024px) 100vw, 1024px\" \/><figcaption>Chemise en gase de coton, 105 euros<\/figcaption><\/figure><\/div>\n\n\n\n<h2 class=\"wp-block-heading\">Une marque \u00e9co-responsable<\/h2>\n\n\n\n<p>Les collections de pr\u00eat-\u00e0-porter, mais aussi&nbsp;<em>Homewear<\/em>&nbsp;et&nbsp;<em>Maison<\/em>, sont r\u00e9alis\u00e9es dans des ateliers de confection du sud de la France ainsi qu\u2019\u00e0 Paris pour, comme l\u2019explique la fondatrice de la marque, \u201cr\u00e9duire l\u2019empreinte carbone\u201d. \u201cLa maille, que nous avons lanc\u00e9 en 2019,&nbsp;s\u2019appuie sur le savoir-faire d\u2019un atelier de tricoterie certifi\u00e9 EPV (Entreprise Patrimoine Vivant), situ\u00e9 dans le nord de la France. Quant aux jeans, qui repr\u00e9sentent environ 10% des collections,&nbsp;ils sont fabriqu\u00e9s au Portugal.\u201d<\/p>\n\n\n\n<p>Les pi\u00e8ces en mati\u00e8res naturelles sont certifi\u00e9es Oeko-Tex; un label&nbsp;visant \u00e0 prot\u00e9ger la sant\u00e9 du consommateur en r\u00e9duisant au maximum la pr\u00e9sence de substances nocives sur sa peau.<\/p>\n\n\n\n<p>Laure Regreny ambitionne de lancer une collection chaque mois en petites s\u00e9ries. Elle nous fait d\u00e9couvrir la collection d\u2019avril intitul\u00e9e \u201cPrintemps ch\u00e9ri\u201d en vente sur le site web de Seven\/August et au&nbsp;corner de la marque situ\u00e9 au 3\u00e8me \u00e9tage mode femme des Galeries Lafayettes Paris Haussman.<\/p>\n\n\n\n<figure class=\"wp-block-gallery has-nested-images columns-default is-cropped wp-block-gallery-1 is-layout-flex wp-block-gallery-is-layout-flex\">\n<figure class=\"wp-block-image size-large\"><img loading=\"lazy\" decoding=\"async\" width=\"1000\" height=\"1000\" data-id=\"5304\" src=\"https:\/\/pearlsmagazine.com\/webvieja\/wp-content\/uploads\/2022\/04\/LA-FALCKTORY_036-copie_125e.png\" alt=\"\" class=\"wp-image-5304\" srcset=\"https:\/\/pearlsmagazine.com\/webvieja\/wp-content\/uploads\/2022\/04\/LA-FALCKTORY_036-copie_125e.png 1000w, https:\/\/pearlsmagazine.com\/webvieja\/wp-content\/uploads\/2022\/04\/LA-FALCKTORY_036-copie_125e-300x300.png 300w, https:\/\/pearlsmagazine.com\/webvieja\/wp-content\/uploads\/2022\/04\/LA-FALCKTORY_036-copie_125e-150x150.png 150w, https:\/\/pearlsmagazine.com\/webvieja\/wp-content\/uploads\/2022\/04\/LA-FALCKTORY_036-copie_125e-768x768.png 768w, https:\/\/pearlsmagazine.com\/webvieja\/wp-content\/uploads\/2022\/04\/LA-FALCKTORY_036-copie_125e-550x550.png 550w\" sizes=\"auto, (max-width: 1000px) 100vw, 1000px\" \/><\/figure>\n\n\n\n<figure class=\"wp-block-image size-large\"><img loading=\"lazy\" decoding=\"async\" width=\"1000\" height=\"1000\" data-id=\"5303\" src=\"https:\/\/pearlsmagazine.com\/webvieja\/wp-content\/uploads\/2022\/04\/LA-FALCKTORY_060-copie_125e.png\" alt=\"\" class=\"wp-image-5303\" srcset=\"https:\/\/pearlsmagazine.com\/webvieja\/wp-content\/uploads\/2022\/04\/LA-FALCKTORY_060-copie_125e.png 1000w, https:\/\/pearlsmagazine.com\/webvieja\/wp-content\/uploads\/2022\/04\/LA-FALCKTORY_060-copie_125e-300x300.png 300w, https:\/\/pearlsmagazine.com\/webvieja\/wp-content\/uploads\/2022\/04\/LA-FALCKTORY_060-copie_125e-150x150.png 150w, https:\/\/pearlsmagazine.com\/webvieja\/wp-content\/uploads\/2022\/04\/LA-FALCKTORY_060-copie_125e-768x768.png 768w, https:\/\/pearlsmagazine.com\/webvieja\/wp-content\/uploads\/2022\/04\/LA-FALCKTORY_060-copie_125e-550x550.png 550w\" sizes=\"auto, (max-width: 1000px) 100vw, 1000px\" \/><\/figure>\n<figcaption class=\"blocks-gallery-caption\">Pantalons droits, 125 euros<\/figcaption><\/figure>\n\n\n\n<p>Cr\u00e9dit Photos: Seven\/August.<\/p>\n\n\n\n<p><a href=\"http:\/\/www.sevenaugust.fr\" target=\"_blank\" rel=\"noreferrer noopener\" title=\"www.sevenaugust.fr\">www.sevenaugust.fr<\/a><\/p>\n\n\n\n<p><\/p>\n\n\n\n<p><a href=\"https:\/\/pearlsmagazine.com\/webvieja\/\" title=\"ACCUEIL\">Retrouvez l&#8217;actualit\u00e9 de la mode \u00e9thique et \u00e9co-responsable dans notre magazine<\/a><\/p>\n","protected":false},"excerpt":{"rendered":"<p>\u201cC\u2019est en 2007 \u00e0 Paris dans le Marais que l\u2019aventure a commenc\u00e9. Tout est&nbsp;parti de ma passion pour la mode, milieu dans lequel je travaille depuis 2000.\u201d Laure Regreny, pr\u00e9sente sa marque de mode \u00e9thique, Seven\/August. La cr\u00e9atrice s\u2019inspire des [&hellip;]<\/p>\n","protected":false},"author":1,"featured_media":5315,"comment_status":"closed","ping_status":"open","sticky":false,"template":"","format":"standard","meta":{"om_disable_all_campaigns":false,"_monsterinsights_skip_tracking":false,"_monsterinsights_sitenote_active":false,"_monsterinsights_sitenote_note":"","_monsterinsights_sitenote_category":0,"footnotes":""},"categories":[200],"tags":[233,215,344,340,337,363,348],"class_list":["post-5299","post","type-post","status-publish","format-standard","has-post-thumbnail","hentry","category-tendances","tag-a-la-une","tag-made-in-france","tag-mode","tag-modeecoresponsable","tag-modeethique-2","tag-oeko-tex","tag-pearlsmagazine"],"aioseo_notices":[],"_links":{"self":[{"href":"https:\/\/pearlsmagazine.com\/webvieja\/wp-json\/wp\/v2\/posts\/5299","targetHints":{"allow":["GET"]}}],"collection":[{"href":"https:\/\/pearlsmagazine.com\/webvieja\/wp-json\/wp\/v2\/posts"}],"about":[{"href":"https:\/\/pearlsmagazine.com\/webvieja\/wp-json\/wp\/v2\/types\/post"}],"author":[{"embeddable":true,"href":"https:\/\/pearlsmagazine.com\/webvieja\/wp-json\/wp\/v2\/users\/1"}],"replies":[{"embeddable":true,"href":"https:\/\/pearlsmagazine.com\/webvieja\/wp-json\/wp\/v2\/comments?post=5299"}],"version-history":[{"count":8,"href":"https:\/\/pearlsmagazine.com\/webvieja\/wp-json\/wp\/v2\/posts\/5299\/revisions"}],"predecessor-version":[{"id":5319,"href":"https:\/\/pearlsmagazine.com\/webvieja\/wp-json\/wp\/v2\/posts\/5299\/revisions\/5319"}],"wp:featuredmedia":[{"embeddable":true,"href":"https:\/\/pearlsmagazine.com\/webvieja\/wp-json\/wp\/v2\/media\/5315"}],"wp:attachment":[{"href":"https:\/\/pearlsmagazine.com\/webvieja\/wp-json\/wp\/v2\/media?parent=5299"}],"wp:term":[{"taxonomy":"category","embeddable":true,"href":"https:\/\/pearlsmagazine.com\/webvieja\/wp-json\/wp\/v2\/categories?post=5299"},{"taxonomy":"post_tag","embeddable":true,"href":"https:\/\/pearlsmagazine.com\/webvieja\/wp-json\/wp\/v2\/tags?post=5299"}],"curies":[{"name":"wp","href":"https:\/\/api.w.org\/{rel}","templated":true}]}}