{"id":5325,"date":"2022-04-11T14:26:14","date_gmt":"2022-04-11T12:26:14","guid":{"rendered":"https:\/\/pearlsmagazine.com\/webvieja\/?p=5325"},"modified":"2022-04-12T18:06:34","modified_gmt":"2022-04-12T16:06:34","slug":"olly-la-lingerie-ethique-et-sexy-qui-ne-detruira-pas-la-planete%ef%bf%bc","status":"publish","type":"post","link":"https:\/\/pearlsmagazine.com\/webvieja\/olly-la-lingerie-ethique-et-sexy-qui-ne-detruira-pas-la-planete%ef%bf%bc\/","title":{"rendered":"Olly, la lingerie \u00e9thique et sexy (qui ne d\u00e9truira pas la plan\u00e8te)!\ufffc"},"content":{"rendered":"\n<p>Allier le beau et l\u2019\u00e9thique&#8230; C\u2019est ce qu\u2019ont voulu faire Cl\u00e9mentine Girard&nbsp;&amp;&nbsp;Mathilde&nbsp;de Sacy en cr\u00e9ant Olly, une marque de sous-v\u00eatements \u00e9thiques et \u00e9co-con\u00e7us. Elles proposent&nbsp;de la lingerie tr\u00e8s tendance (culottes, soutien-gorges, bodys) et des maillots de bain respectueux de l\u2019environnement et des humains.<\/p>\n\n\n\n<div class=\"wp-block-image\"><figure class=\"aligncenter size-large\"><img loading=\"lazy\" decoding=\"async\" width=\"1024\" height=\"998\" src=\"https:\/\/pearlsmagazine.com\/webvieja\/wp-content\/uploads\/2022\/04\/Clementine-Girard-et-Mathilde-de-Sacy-\u00a9Maeva-Delacroix-1024x998.jpg\" alt=\"\" class=\"wp-image-5326\" srcset=\"https:\/\/pearlsmagazine.com\/webvieja\/wp-content\/uploads\/2022\/04\/Clementine-Girard-et-Mathilde-de-Sacy-\u00a9Maeva-Delacroix-1024x998.jpg 1024w, https:\/\/pearlsmagazine.com\/webvieja\/wp-content\/uploads\/2022\/04\/Clementine-Girard-et-Mathilde-de-Sacy-\u00a9Maeva-Delacroix-300x292.jpg 300w, https:\/\/pearlsmagazine.com\/webvieja\/wp-content\/uploads\/2022\/04\/Clementine-Girard-et-Mathilde-de-Sacy-\u00a9Maeva-Delacroix-768x749.jpg 768w, https:\/\/pearlsmagazine.com\/webvieja\/wp-content\/uploads\/2022\/04\/Clementine-Girard-et-Mathilde-de-Sacy-\u00a9Maeva-Delacroix.jpg 1026w\" sizes=\"auto, (max-width: 1024px) 100vw, 1024px\" \/><figcaption>Les fondatrices d&#8217;Olly Lingerie<\/figcaption><\/figure><\/div>\n\n\n\n<h2 class=\"wp-block-heading\">Coton bio, dentelle recycl\u00e9e et Tencel <\/h2>\n\n\n\n<p>Parmi les mati\u00e8res utilis\u00e9es, on retrouve du <strong><em>coton biologique labellis\u00e9 GOTS<\/em><\/strong>: un coton&nbsp;cultiv\u00e9 sans OGM, sans pesticides et qui n\u2019est pas blanchi au chlore. <strong><em>La dentelle<\/em><\/strong>, quant \u00e0 elle, est fabriqu\u00e9e \u00e0 partir&nbsp;d\u2019un fil <strong><em>en fibre recycl\u00e9e<\/em><\/strong>. Ce fil, en plus de limiter les d\u00e9chets, permet d\u2019\u00e9conomiser 90% d\u2019eau et 80% d\u2019\u00e9lectricit\u00e9.<\/p>\n\n\n\n<figure class=\"wp-block-gallery aligncenter has-nested-images columns-default is-cropped wp-block-gallery-1 is-layout-flex wp-block-gallery-is-layout-flex\">\n<figure class=\"wp-block-image size-large\"><img loading=\"lazy\" decoding=\"async\" width=\"817\" height=\"1000\" data-id=\"5327\" src=\"https:\/\/pearlsmagazine.com\/webvieja\/wp-content\/uploads\/2022\/04\/2-1.jpg\" alt=\"\" class=\"wp-image-5327\" srcset=\"https:\/\/pearlsmagazine.com\/webvieja\/wp-content\/uploads\/2022\/04\/2-1.jpg 817w, https:\/\/pearlsmagazine.com\/webvieja\/wp-content\/uploads\/2022\/04\/2-1-245x300.jpg 245w, https:\/\/pearlsmagazine.com\/webvieja\/wp-content\/uploads\/2022\/04\/2-1-768x940.jpg 768w\" sizes=\"auto, (max-width: 817px) 100vw, 817px\" \/><\/figure>\n\n\n\n<figure class=\"wp-block-image size-large\"><img loading=\"lazy\" decoding=\"async\" width=\"667\" height=\"1000\" data-id=\"5329\" src=\"https:\/\/pearlsmagazine.com\/webvieja\/wp-content\/uploads\/2022\/04\/3.jpg\" alt=\"\" class=\"wp-image-5329\" srcset=\"https:\/\/pearlsmagazine.com\/webvieja\/wp-content\/uploads\/2022\/04\/3.jpg 667w, https:\/\/pearlsmagazine.com\/webvieja\/wp-content\/uploads\/2022\/04\/3-200x300.jpg 200w\" sizes=\"auto, (max-width: 667px) 100vw, 667px\" \/><\/figure>\n\n\n\n<figure class=\"wp-block-image size-large\"><img loading=\"lazy\" decoding=\"async\" width=\"1000\" height=\"1000\" data-id=\"5328\" src=\"https:\/\/pearlsmagazine.com\/webvieja\/wp-content\/uploads\/2022\/04\/4.jpg\" alt=\"\" class=\"wp-image-5328\" srcset=\"https:\/\/pearlsmagazine.com\/webvieja\/wp-content\/uploads\/2022\/04\/4.jpg 1000w, https:\/\/pearlsmagazine.com\/webvieja\/wp-content\/uploads\/2022\/04\/4-300x300.jpg 300w, https:\/\/pearlsmagazine.com\/webvieja\/wp-content\/uploads\/2022\/04\/4-150x150.jpg 150w, https:\/\/pearlsmagazine.com\/webvieja\/wp-content\/uploads\/2022\/04\/4-768x768.jpg 768w, https:\/\/pearlsmagazine.com\/webvieja\/wp-content\/uploads\/2022\/04\/4-550x550.jpg 550w\" sizes=\"auto, (max-width: 1000px) 100vw, 1000px\" \/><\/figure>\n\n\n\n<figure class=\"wp-block-image size-large\"><img loading=\"lazy\" decoding=\"async\" width=\"667\" height=\"1000\" data-id=\"5330\" src=\"https:\/\/pearlsmagazine.com\/webvieja\/wp-content\/uploads\/2022\/04\/5.jpg\" alt=\"\" class=\"wp-image-5330\" srcset=\"https:\/\/pearlsmagazine.com\/webvieja\/wp-content\/uploads\/2022\/04\/5.jpg 667w, https:\/\/pearlsmagazine.com\/webvieja\/wp-content\/uploads\/2022\/04\/5-200x300.jpg 200w\" sizes=\"auto, (max-width: 667px) 100vw, 667px\" \/><\/figure>\n<\/figure>\n\n\n\n<p> <\/p>\n\n\n\n<p>Pour les bodys, Olly utilise du <strong><em>Tencel,<\/em><\/strong>&nbsp;une mati\u00e8re douce, respirante et surtout \u00e9cologique. Pour produire les fibres Tencel, la cellulose provient de for\u00eats g\u00e9r\u00e9es durablement et class\u00e9es FSC et PEFC. La pulpe de bois est dissoute dans un solvant non toxique, r\u00e9cup\u00e9rable et r\u00e9utilisable \u00e0 99,7%. C\u2019est aussi une fibre europ\u00e9enne, puisque 50% des for\u00eats et usines concern\u00e9es par la production de Tencel se situent en Autriche. N\u00e9cessitant peu d\u2019eau et une faible surface, le Tencel produit 10 fois plus de mati\u00e8re que le coton conventionnel par hectare cultiv\u00e9 et il faut moins de 1000 litres d\u2019eau pour produire 1kg de Tencel contre 5000 litres pour le coton conventionnel.<\/p>\n\n\n\n<p>Enfin pour les bikinis, la marque collabore avec <strong><a href=\"https:\/\/pearlsmagazine.com\/webvieja\/seaqual-initiative-notre-objectif-est-de-collaborer-avec-les-territoires-cotiers-pour-promouvoir-un-mode-de-vie-durable\/\" title=\"Seaqual Initiative\">Seaqual Initiative<\/a><\/strong>, o\u00f9 les d\u00e9chets plastiques sont rep\u00each\u00e9s en mer et dans les estuaires pour \u00eatre recycl\u00e9s.<\/p>\n\n\n\n<figure class=\"wp-block-gallery aligncenter has-nested-images columns-default is-cropped wp-block-gallery-2 is-layout-flex wp-block-gallery-is-layout-flex\">\n<figure class=\"wp-block-image size-full\"><img loading=\"lazy\" decoding=\"async\" width=\"1000\" height=\"1000\" data-id=\"5334\" src=\"https:\/\/pearlsmagazine.com\/webvieja\/wp-content\/uploads\/2022\/04\/Maillot-de-bain-Olly-1-1.jpg\" alt=\"\" class=\"wp-image-5334\" srcset=\"https:\/\/pearlsmagazine.com\/webvieja\/wp-content\/uploads\/2022\/04\/Maillot-de-bain-Olly-1-1.jpg 1000w, https:\/\/pearlsmagazine.com\/webvieja\/wp-content\/uploads\/2022\/04\/Maillot-de-bain-Olly-1-1-300x300.jpg 300w, https:\/\/pearlsmagazine.com\/webvieja\/wp-content\/uploads\/2022\/04\/Maillot-de-bain-Olly-1-1-150x150.jpg 150w, https:\/\/pearlsmagazine.com\/webvieja\/wp-content\/uploads\/2022\/04\/Maillot-de-bain-Olly-1-1-768x768.jpg 768w, https:\/\/pearlsmagazine.com\/webvieja\/wp-content\/uploads\/2022\/04\/Maillot-de-bain-Olly-1-1-550x550.jpg 550w\" sizes=\"auto, (max-width: 1000px) 100vw, 1000px\" \/><\/figure>\n\n\n\n<figure class=\"wp-block-image size-full\"><img loading=\"lazy\" decoding=\"async\" width=\"1000\" height=\"1000\" data-id=\"5333\" src=\"https:\/\/pearlsmagazine.com\/webvieja\/wp-content\/uploads\/2022\/04\/Maillot-de-bain-Olly-2.jpg\" alt=\"\" class=\"wp-image-5333\" srcset=\"https:\/\/pearlsmagazine.com\/webvieja\/wp-content\/uploads\/2022\/04\/Maillot-de-bain-Olly-2.jpg 1000w, https:\/\/pearlsmagazine.com\/webvieja\/wp-content\/uploads\/2022\/04\/Maillot-de-bain-Olly-2-300x300.jpg 300w, https:\/\/pearlsmagazine.com\/webvieja\/wp-content\/uploads\/2022\/04\/Maillot-de-bain-Olly-2-150x150.jpg 150w, https:\/\/pearlsmagazine.com\/webvieja\/wp-content\/uploads\/2022\/04\/Maillot-de-bain-Olly-2-768x768.jpg 768w, https:\/\/pearlsmagazine.com\/webvieja\/wp-content\/uploads\/2022\/04\/Maillot-de-bain-Olly-2-550x550.jpg 550w\" sizes=\"auto, (max-width: 1000px) 100vw, 1000px\" \/><\/figure>\n<\/figure>\n\n\n\n<p><strong><em>Les teintures sont&nbsp;labellis\u00e9es Oeko-Tex 100<\/em><\/strong>, un label&nbsp;europ\u00e9en qui garantit qu\u2019elles ne sont pas nocives&nbsp;pour la sant\u00e9 et l&#8217;environnement.&nbsp;<\/p>\n\n\n\n<p><\/p>\n\n\n\n<h2 class=\"wp-block-heading\">Une fabrication europ\u00e9enne<\/h2>\n\n\n\n<p>Afin de limiter les \u00e9missions de carbone,\u00a0les dentelles et tulles, agrafes, bretelles et sliders viennent d\u2019Europe (France, Italie, Autriche, Allemagne)\u00a0et les culottes sont <strong>confectionn\u00e9es en Hongrie.<\/strong><\/p>\n\n\n\n<p>Enfin, cerise sur le g\u00e2teau, \u201c<strong><em>le packaging est r\u00e9alis\u00e9 en carton recycl\u00e9<\/em><\/strong> et issu des for\u00eats \u00e9co-g\u00e9r\u00e9es, fabriqu\u00e9 en France et imprim\u00e9 avec des encres v\u00e9g\u00e9tales. Il est <strong>r\u00e9versible<\/strong> et peut se transformer en jolie bo\u00eete de rangement.\u201d<\/p>\n\n\n\n<p><\/p>\n\n\n\n<p>Cr\u00e9dit photos: Olly<\/p>\n\n\n\n<p><a href=\"http:\/\/olly-lingerie.com\" target=\"_blank\" rel=\"noreferrer noopener\" title=\"olly-lingerie.com\">olly-lingerie.com<\/a><\/p>\n\n\n\n<p> <\/p>\n\n\n\n<figure class=\"wp-block-embed aligncenter is-type-video is-provider-youtube wp-block-embed-youtube wp-embed-aspect-4-3 wp-has-aspect-ratio\"><div class=\"wp-block-embed__wrapper\">\n<iframe loading=\"lazy\" title=\"Olly dans Brut !\" width=\"1100\" height=\"825\" src=\"https:\/\/www.youtube.com\/embed\/n_4yd0H3G5Q?start=77&#038;feature=oembed\" frameborder=\"0\" allow=\"accelerometer; autoplay; clipboard-write; encrypted-media; gyroscope; picture-in-picture\" allowfullscreen><\/iframe>\n<\/div><\/figure>\n\n\n\n<p><a href=\"https:\/\/pearlsmagazine.com\/webvieja\/\" title=\"ACCUEIL\">Retrouvez l&#8217;actualit\u00e9 de la mode \u00e9thique dans notre magazine<\/a><\/p>\n","protected":false},"excerpt":{"rendered":"<p>Allier le beau et l\u2019\u00e9thique&#8230; C\u2019est ce qu\u2019ont voulu faire Cl\u00e9mentine Girard&nbsp;&amp;&nbsp;Mathilde&nbsp;de Sacy en cr\u00e9ant Olly, une marque de sous-v\u00eatements \u00e9thiques et \u00e9co-con\u00e7us. Elles proposent&nbsp;de la lingerie tr\u00e8s tendance (culottes, soutien-gorges, bodys) et des maillots de bain respectueux de l\u2019environnement [&hellip;]<\/p>\n","protected":false},"author":1,"featured_media":5335,"comment_status":"closed","ping_status":"open","sticky":false,"template":"","format":"standard","meta":{"om_disable_all_campaigns":false,"_monsterinsights_skip_tracking":false,"_monsterinsights_sitenote_active":false,"_monsterinsights_sitenote_note":"","_monsterinsights_sitenote_category":0,"footnotes":""},"categories":[198],"tags":[233,340,337,348],"class_list":["post-5325","post","type-post","status-publish","format-standard","has-post-thumbnail","hentry","category-revolution","tag-a-la-une","tag-modeecoresponsable","tag-modeethique-2","tag-pearlsmagazine"],"aioseo_notices":[],"_links":{"self":[{"href":"https:\/\/pearlsmagazine.com\/webvieja\/wp-json\/wp\/v2\/posts\/5325","targetHints":{"allow":["GET"]}}],"collection":[{"href":"https:\/\/pearlsmagazine.com\/webvieja\/wp-json\/wp\/v2\/posts"}],"about":[{"href":"https:\/\/pearlsmagazine.com\/webvieja\/wp-json\/wp\/v2\/types\/post"}],"author":[{"embeddable":true,"href":"https:\/\/pearlsmagazine.com\/webvieja\/wp-json\/wp\/v2\/users\/1"}],"replies":[{"embeddable":true,"href":"https:\/\/pearlsmagazine.com\/webvieja\/wp-json\/wp\/v2\/comments?post=5325"}],"version-history":[{"count":3,"href":"https:\/\/pearlsmagazine.com\/webvieja\/wp-json\/wp\/v2\/posts\/5325\/revisions"}],"predecessor-version":[{"id":5338,"href":"https:\/\/pearlsmagazine.com\/webvieja\/wp-json\/wp\/v2\/posts\/5325\/revisions\/5338"}],"wp:featuredmedia":[{"embeddable":true,"href":"https:\/\/pearlsmagazine.com\/webvieja\/wp-json\/wp\/v2\/media\/5335"}],"wp:attachment":[{"href":"https:\/\/pearlsmagazine.com\/webvieja\/wp-json\/wp\/v2\/media?parent=5325"}],"wp:term":[{"taxonomy":"category","embeddable":true,"href":"https:\/\/pearlsmagazine.com\/webvieja\/wp-json\/wp\/v2\/categories?post=5325"},{"taxonomy":"post_tag","embeddable":true,"href":"https:\/\/pearlsmagazine.com\/webvieja\/wp-json\/wp\/v2\/tags?post=5325"}],"curies":[{"name":"wp","href":"https:\/\/api.w.org\/{rel}","templated":true}]}}