{"id":5383,"date":"2022-04-22T12:18:47","date_gmt":"2022-04-22T10:18:47","guid":{"rendered":"https:\/\/pearlsmagazine.com\/webvieja\/?p=5383"},"modified":"2022-04-25T16:41:33","modified_gmt":"2022-04-25T14:41:33","slug":"les-ventes-eclair-de-veja","status":"publish","type":"post","link":"https:\/\/pearlsmagazine.com\/webvieja\/les-ventes-eclair-de-veja\/","title":{"rendered":"Les &#8220;ventes \u00e9clair&#8221; de Veja"},"content":{"rendered":"\n<p>Un succ\u00e8s grandissant, puis des soldes sous pression. M\u00eame si la notori\u00e9t\u00e9 d\u2019une marque dite \u201c\u00e9thique\u201d a r\u00e9ussi \u00e0 s\u2019\u00e9tablir sans publicit\u00e9 directe (except\u00e9 les celebrities ultra-m\u00e9diatis\u00e9es qui ont particip\u00e9 grandement \u00e0 cette notori\u00e9t\u00e9), pratiquer des soldes en utilisant des ventes \u00e9clair pour <strong>inciter \u00e0 la consommation : est-ce vraiment \u00e9thique?<\/strong><\/p>\n\n\n\n<p><strong>En pleine transition \u00e9cologique<\/strong>, la mode cherche sa place et communique sur les marques de&nbsp;<em>bonne conscience<\/em>&nbsp;qui produisent de fa\u00e7on \u00e9thique et \u00e9co-responsable. De ce fait, elles s\u2019appuient souvent sur des labels certifi\u00e9s et une main d\u2019\u0153uvre&nbsp;travaillant dans des conditions salutaires et r\u00e9mun\u00e9r\u00e9e \u00e0 sa juste valeur.<\/p>\n\n\n\n<p>Il est clair qu\u2019\u00eatre <strong>irr\u00e9prochable<\/strong> sur sa cha\u00eene de valeur reste une t\u00e2che ardue, puisque chaque \u00e9tape de fabrication, du sourcing des mati\u00e8res jusqu\u2019au produit fini, est cruciale. D\u2019autant plus que nous (consommateurs) demandons de plus en plus de transparence\u2026&nbsp;<\/p>\n\n\n\n<p>Mais quitte \u00e0 vouloir fr\u00f4ler la perfection, pourquoi ne pas essayer de <strong>montrer l\u2019exemple<\/strong> lorsqu\u2019on est d\u00e9j\u00e0 <strong>une marque engag\u00e9e<\/strong> et que l\u2019on jouit d\u2019une belle r\u00e9putation internationale? Doit-on consid\u00e9rer l\u2019incitation \u00e0 la (<em>sur)consommation \u00e0 coup de rabais<\/em>, comme <strong>une action \u00e9thique et coh\u00e9rente<\/strong> avec le reste des messages diffus\u00e9s?<\/p>\n\n\n\n<p><a href=\"http:\/\/www.veja-store.com\" target=\"_blank\" rel=\"noreferrer noopener\" title=\"Veja\">Veja<\/a>, la marque de sneakers produite au Br\u00e9sil, vient d\u2019envoyer sa newsletter:<\/p>\n\n\n\n<p>(<em>Traduction en fran\u00e7ais)<\/em><\/p>\n\n\n\n<p class=\"has-text-align-center\">\u201c<strong>D\u00c9COUVREZ NOS VENTES \u00c9CLAIR<\/strong><\/p>\n\n\n\n<p class=\"has-text-align-center\">avec&nbsp;<strong>40% de r\u00e9duction<\/strong>&nbsp;disponibles&nbsp;<strong>seulement pendant 4 jours<\/strong><\/p>\n\n\n\n<p class=\"has-text-align-center\">dans notre boutique en ligne.<\/p>\n\n\n\n<p class=\"has-text-align-center\">Profitez de notre offre exclusive<\/p>\n\n\n\n<p class=\"has-text-align-center\">pour les abonn\u00e9s uniquement !<\/p>\n\n\n\n<p class=\"has-text-align-center\"><strong>LIVRAISON GRATUITE POUR TOUT ACHAT SUP\u00c9RIEUR \u00c0 99\u20ac<\/strong>.&#8221;<\/p>\n\n\n\n<div class=\"wp-block-image\"><figure class=\"aligncenter size-full\"><img loading=\"lazy\" decoding=\"async\" width=\"601\" height=\"1000\" src=\"https:\/\/pearlsmagazine.com\/webvieja\/wp-content\/uploads\/2022\/04\/unnamed.jpg\" alt=\"\" class=\"wp-image-5384\" srcset=\"https:\/\/pearlsmagazine.com\/webvieja\/wp-content\/uploads\/2022\/04\/unnamed.jpg 601w, https:\/\/pearlsmagazine.com\/webvieja\/wp-content\/uploads\/2022\/04\/unnamed-180x300.jpg 180w\" sizes=\"auto, (max-width: 601px) 100vw, 601px\" \/><\/figure><\/div>\n\n\n\n<div class=\"wp-block-image\"><figure class=\"aligncenter size-full\"><img loading=\"lazy\" decoding=\"async\" width=\"594\" height=\"1000\" src=\"https:\/\/pearlsmagazine.com\/webvieja\/wp-content\/uploads\/2022\/04\/unnamed-4.jpg\" alt=\"\" class=\"wp-image-5388\" srcset=\"https:\/\/pearlsmagazine.com\/webvieja\/wp-content\/uploads\/2022\/04\/unnamed-4.jpg 594w, https:\/\/pearlsmagazine.com\/webvieja\/wp-content\/uploads\/2022\/04\/unnamed-4-178x300.jpg 178w\" sizes=\"auto, (max-width: 594px) 100vw, 594px\" \/><figcaption>Newsletter de Veja re\u00e7ue en espagnol, la r\u00e9daction \u00e9tant situ\u00e9e en Espagne.<\/figcaption><\/figure><\/div>\n\n\n\n<p>Pourquoi ces ventes \u00e9clair ne sont-elles pas clairement publi\u00e9es sur le site de la marque? Et pourquoi ne sont-elles r\u00e9serv\u00e9es qu\u2019aux abonn\u00e9s, en toute intimit\u00e9?<\/p>\n\n\n\n<h2 class=\"wp-block-heading\"><strong>Le m\u00e9canisme du \u201cmoins et mieux\u201d&nbsp;<\/strong>alias la sobri\u00e9t\u00e9<\/h2>\n\n\n\n<p>Il y a des marques, notamment dans le secteur du luxe, <strong>qui n\u2019ont jamais fait de soldes.<\/strong>&nbsp;<\/p>\n\n\n\n<p>Il y a aussi des marques, les plus \u00e9thiques sans doute, qui ne produisent que sur <strong>pr\u00e9commandes<\/strong>, c\u2019est-\u00e0-dire qu\u2019elles ne produisent que le strict n\u00e9cessaire. Dans ce cas, nul besoin d\u2019\u00e9puiser des stocks occasionn\u00e9s par une surproduction.<\/p>\n\n\n\n<p>Ainsi, le consommateur se voit incit\u00e9 \u00e0 acheter pour <em>r\u00e9parer les erreurs<\/em> de ceux qui produisent beaucoup trop, en se laissant tenter biens\u00fbr car, finalement, une paire de Veja neuve \u00e0 &#8211; 40%, c\u2019est une opportunit\u00e9, non?&nbsp;<\/p>\n\n\n\n<p>Sauf que le m\u00e9canisme du moins et mieux&nbsp;<strong>devrait pouvoir rapidement se voir adopt\u00e9 par le plus grand nombre<\/strong>. C\u2019est une nouvelle habitude n\u00e9cessaire, un vrai changement de paradigme pour arriver \u00e0 limiter nos d\u00e9g\u00e2ts sur les Hommes et la plan\u00e8te. Ce m\u00e9canisme doit s\u2019appliquer aussi bien aux consommateurs qu\u2019aux marques de mode. Et ce, m\u00eame si l\u2019on utilise des v\u00e9g\u00e9taux pour concevoir ses produits, m\u00eame si on lutte pour pr\u00e9server les oc\u00e9ans ou contre la d\u00e9forestation ill\u00e9gale en Amazonie.&nbsp;<\/p>\n\n\n\n<p>Pourquoi les grandes marques&nbsp;<strong>comme Veja<\/strong>&nbsp;ne commencent-elles pas \u00e0 montrer la voie? Est-ce vraiment normal?<\/p>\n\n\n\n<p><\/p>\n\n\n\n<p>Cr\u00e9dit photo: compte instagram de Veja.<\/p>\n\n\n\n<p><\/p>\n\n\n\n<p><a href=\"https:\/\/pearlsmagazine.com\/webvieja\/\" title=\"ACCUEIL\">Retrouvez l&#8217;actualit\u00e9 de la mode \u00e9thique dans notre magazine<\/a><\/p>\n\n\n\n<p><\/p>\n","protected":false},"excerpt":{"rendered":"<p>Un succ\u00e8s grandissant, puis des soldes sous pression. M\u00eame si la notori\u00e9t\u00e9 d\u2019une marque dite \u201c\u00e9thique\u201d a r\u00e9ussi \u00e0 s\u2019\u00e9tablir sans publicit\u00e9 directe (except\u00e9 les celebrities ultra-m\u00e9diatis\u00e9es qui ont particip\u00e9 grandement \u00e0 cette notori\u00e9t\u00e9), pratiquer des soldes en utilisant des [&hellip;]<\/p>\n","protected":false},"author":1,"featured_media":5390,"comment_status":"closed","ping_status":"open","sticky":false,"template":"","format":"standard","meta":{"om_disable_all_campaigns":false,"_monsterinsights_skip_tracking":false,"_monsterinsights_sitenote_active":false,"_monsterinsights_sitenote_note":"","_monsterinsights_sitenote_category":0,"footnotes":""},"categories":[1],"tags":[267,246,338,340,337,348,230],"class_list":["post-5383","post","type-post","status-publish","format-standard","has-post-thumbnail","hentry","category-organic-cosmetics","tag-environnement","tag-lead-2","tag-modedurable","tag-modeecoresponsable","tag-modeethique-2","tag-pearlsmagazine","tag-sneakers"],"aioseo_notices":[],"_links":{"self":[{"href":"https:\/\/pearlsmagazine.com\/webvieja\/wp-json\/wp\/v2\/posts\/5383","targetHints":{"allow":["GET"]}}],"collection":[{"href":"https:\/\/pearlsmagazine.com\/webvieja\/wp-json\/wp\/v2\/posts"}],"about":[{"href":"https:\/\/pearlsmagazine.com\/webvieja\/wp-json\/wp\/v2\/types\/post"}],"author":[{"embeddable":true,"href":"https:\/\/pearlsmagazine.com\/webvieja\/wp-json\/wp\/v2\/users\/1"}],"replies":[{"embeddable":true,"href":"https:\/\/pearlsmagazine.com\/webvieja\/wp-json\/wp\/v2\/comments?post=5383"}],"version-history":[{"count":8,"href":"https:\/\/pearlsmagazine.com\/webvieja\/wp-json\/wp\/v2\/posts\/5383\/revisions"}],"predecessor-version":[{"id":5398,"href":"https:\/\/pearlsmagazine.com\/webvieja\/wp-json\/wp\/v2\/posts\/5383\/revisions\/5398"}],"wp:featuredmedia":[{"embeddable":true,"href":"https:\/\/pearlsmagazine.com\/webvieja\/wp-json\/wp\/v2\/media\/5390"}],"wp:attachment":[{"href":"https:\/\/pearlsmagazine.com\/webvieja\/wp-json\/wp\/v2\/media?parent=5383"}],"wp:term":[{"taxonomy":"category","embeddable":true,"href":"https:\/\/pearlsmagazine.com\/webvieja\/wp-json\/wp\/v2\/categories?post=5383"},{"taxonomy":"post_tag","embeddable":true,"href":"https:\/\/pearlsmagazine.com\/webvieja\/wp-json\/wp\/v2\/tags?post=5383"}],"curies":[{"name":"wp","href":"https:\/\/api.w.org\/{rel}","templated":true}]}}