{"id":5494,"date":"2022-05-24T17:15:49","date_gmt":"2022-05-24T15:15:49","guid":{"rendered":"https:\/\/pearlsmagazine.com\/webvieja\/?p=5494"},"modified":"2022-05-24T17:42:08","modified_gmt":"2022-05-24T15:42:08","slug":"lete-en-bobs-les-10-plus-jolis-modeles-ethiques","status":"publish","type":"post","link":"https:\/\/pearlsmagazine.com\/webvieja\/lete-en-bobs-les-10-plus-jolis-modeles-ethiques\/","title":{"rendered":"L&#8217;\u00e9t\u00e9 en bobs : les 10 plus jolis mod\u00e8les \u00e9thiques"},"content":{"rendered":"\n<p>Depuis l\u2019\u00e9t\u00e9 dernier, <strong>le bob<\/strong> fait son grand retour!&nbsp;Ce couvre-chef en tissu, port\u00e9 par les GI&#8217;s am\u00e9ricains d\u00e9barqu\u00e9s en France pendant la Seconde Guerre mondiale, est aussi un accessoire incontournable des ann\u00e9es 90. Pour cette nouvelle saison estivale, voici une s\u00e9lection de <strong>bobs \u00e9thiques<\/strong> pour femmes, confectionn\u00e9s en mati\u00e8res naturelles, recycl\u00e9es ou upcycl\u00e9es, respectueuses des Hommes et de la plan\u00e8te!<\/p>\n\n\n\n<p><\/p>\n\n\n\n<p><\/p>\n\n\n\n<h2 class=\"wp-block-heading\">VOARY PARIS<\/h2>\n\n\n\n<p><strong><a href=\"https:\/\/voary-paris.com\" target=\"_blank\" rel=\"noreferrer noopener\" title=\"Voary\">Voary<\/a><\/strong> est une marque \u00e9thique qui s\u2019engage \u00e0 promouvoir l\u2019artisanat de Madagascar \u00e0 travers la cr\u00e9ation de sacs, chapeaux et d\u00e9corations en raphia.&nbsp;Les produits sont faits \u00e0&nbsp;la main par des artisans locaux.&nbsp;Cette&nbsp;&nbsp;marque fran\u00e7aise cr\u00e9e des opportunit\u00e9s d&#8217;emploi de mani\u00e8re \u00e9quitable dans un environnement \u00e9panouissant pour chaque personne de l&#8217;\u00e9quipe.<\/p>\n\n\n\n<p><\/p>\n\n\n\n<div class=\"wp-block-image\"><figure class=\"aligncenter size-full\"><img loading=\"lazy\" decoding=\"async\" width=\"1000\" height=\"1000\" src=\"https:\/\/pearlsmagazine.com\/webvieja\/wp-content\/uploads\/2022\/05\/voary-paris-bob.-en-raphia-crochet-fait-main-52-euros.jpeg\" alt=\"\" class=\"wp-image-5495\" srcset=\"https:\/\/pearlsmagazine.com\/webvieja\/wp-content\/uploads\/2022\/05\/voary-paris-bob.-en-raphia-crochet-fait-main-52-euros.jpeg 1000w, https:\/\/pearlsmagazine.com\/webvieja\/wp-content\/uploads\/2022\/05\/voary-paris-bob.-en-raphia-crochet-fait-main-52-euros-300x300.jpeg 300w, https:\/\/pearlsmagazine.com\/webvieja\/wp-content\/uploads\/2022\/05\/voary-paris-bob.-en-raphia-crochet-fait-main-52-euros-150x150.jpeg 150w, https:\/\/pearlsmagazine.com\/webvieja\/wp-content\/uploads\/2022\/05\/voary-paris-bob.-en-raphia-crochet-fait-main-52-euros-768x768.jpeg 768w, https:\/\/pearlsmagazine.com\/webvieja\/wp-content\/uploads\/2022\/05\/voary-paris-bob.-en-raphia-crochet-fait-main-52-euros-550x550.jpeg 550w\" sizes=\"auto, (max-width: 1000px) 100vw, 1000px\" \/><figcaption>Chapeau-bob \u201cAro\u201d en raphia crochet, 52 euros<\/figcaption><\/figure><\/div>\n\n\n\n<p><\/p>\n\n\n\n<p><\/p>\n\n\n\n<h2 class=\"wp-block-heading\">HINDBAG<\/h2>\n\n\n\n<p><strong><a href=\"http:\/\/hindbag.fr\" target=\"_blank\" rel=\"noreferrer noopener\" title=\"Hindbag\">Hindbag<\/a><\/strong> est une marque fran\u00e7aise \u00e0 la production \u00e9thique et solidaire&nbsp;qui collabore avec&nbsp;<strong>Swami Sivananda Memorial Institute<\/strong>&nbsp;(SSMI),&nbsp;<strong>une ONG indienne qui oeuvre notamment \u00e0 l\u2019\u00e9mancipation des femmes<\/strong>&nbsp;du quartier de Punjabi Bagh, au nord-ouest de Delhi.&nbsp;<\/p>\n\n\n\n<div class=\"wp-block-image\"><figure class=\"aligncenter size-full\"><img loading=\"lazy\" decoding=\"async\" width=\"667\" height=\"1000\" src=\"https:\/\/pearlsmagazine.com\/webvieja\/wp-content\/uploads\/2022\/05\/14-HINDBAG-Credit-photo-Alex-Jonas.jpg\" alt=\"\" class=\"wp-image-5496\" srcset=\"https:\/\/pearlsmagazine.com\/webvieja\/wp-content\/uploads\/2022\/05\/14-HINDBAG-Credit-photo-Alex-Jonas.jpg 667w, https:\/\/pearlsmagazine.com\/webvieja\/wp-content\/uploads\/2022\/05\/14-HINDBAG-Credit-photo-Alex-Jonas-200x300.jpg 200w\" sizes=\"auto, (max-width: 667px) 100vw, 667px\" \/><figcaption>Bobs en coton bio labellis\u00e9 GOTS, 28 euros \/ Cr\u00e9dit photo : Alex Jonas.<\/figcaption><\/figure><\/div>\n\n\n\n<p><\/p>\n\n\n\n<p><\/p>\n\n\n\n<h2 class=\"wp-block-heading\">LASTELIER<\/h2>\n\n\n\n<p><strong><a href=\"http:\/\/lastelier.com\" target=\"_blank\" rel=\"noreferrer noopener\" title=\"Lastelier\">Lastelier<\/a><\/strong> est une marque d\u2019accessoires&nbsp;intemporels, fonctionnels et durables, r\u00e9alis\u00e9s de mani\u00e8re traditionnelle et raisonn\u00e9e dans des ateliers s\u00e9lectionn\u00e9s pour leur savoir-faire d\u2019exception.&nbsp;La marque rach\u00e8te notamment <strong>des stocks dormants de PVC<\/strong> afin de leur donner une nouvelle vie.<\/p>\n\n\n\n<div class=\"wp-block-image\"><figure class=\"aligncenter size-large\"><img loading=\"lazy\" decoding=\"async\" width=\"1024\" height=\"697\" src=\"https:\/\/pearlsmagazine.com\/webvieja\/wp-content\/uploads\/2022\/05\/lastelier-chapeau-bob-ibiza-ecailles-85euros........-1024x697.jpg\" alt=\"\" class=\"wp-image-5497\" srcset=\"https:\/\/pearlsmagazine.com\/webvieja\/wp-content\/uploads\/2022\/05\/lastelier-chapeau-bob-ibiza-ecailles-85euros........-1024x697.jpg 1024w, https:\/\/pearlsmagazine.com\/webvieja\/wp-content\/uploads\/2022\/05\/lastelier-chapeau-bob-ibiza-ecailles-85euros........-300x204.jpg 300w, https:\/\/pearlsmagazine.com\/webvieja\/wp-content\/uploads\/2022\/05\/lastelier-chapeau-bob-ibiza-ecailles-85euros........-768x522.jpg 768w, https:\/\/pearlsmagazine.com\/webvieja\/wp-content\/uploads\/2022\/05\/lastelier-chapeau-bob-ibiza-ecailles-85euros.........jpg 1470w\" sizes=\"auto, (max-width: 1024px) 100vw, 1024px\" \/><figcaption>Id\u00e9al en temps de pluie, le bob transparent \u201cIbiza \u00e9cailles\u201d en PVC revaloris\u00e9 \u00e0 100%, 85 euros.<br><br><br><\/figcaption><\/figure><\/div>\n\n\n\n<p><\/p>\n\n\n\n<h2 class=\"wp-block-heading\">DAMOISEAUX<\/h2>\n\n\n\n<p><strong><a href=\"http:\/\/damoiseaux.fr\" target=\"_blank\" rel=\"noreferrer noopener\" title=\"Damoiseaux\">Damoiseaux<\/a><\/strong> est une marque de mode fran\u00e7aise qui utilise <strong>l\u2019upcycling<\/strong> pour creer ses mod\u00e8les. Elle donne <strong>une seconde vie aux nappes, rideaux, draps ou chutes de tissus r\u00e9tros<\/strong> pour en faire des mod\u00e8les tendances.<\/p>\n\n\n\n<div class=\"wp-block-image\"><figure class=\"aligncenter size-full\"><img loading=\"lazy\" decoding=\"async\" width=\"710\" height=\"710\" src=\"https:\/\/pearlsmagazine.com\/webvieja\/wp-content\/uploads\/2022\/05\/11.2_COLOMAR_BOB_DAMOISEAUX_FLEURS_FOLAMOUR_UPCYCLE.png\" alt=\"\" class=\"wp-image-5498\" srcset=\"https:\/\/pearlsmagazine.com\/webvieja\/wp-content\/uploads\/2022\/05\/11.2_COLOMAR_BOB_DAMOISEAUX_FLEURS_FOLAMOUR_UPCYCLE.png 710w, https:\/\/pearlsmagazine.com\/webvieja\/wp-content\/uploads\/2022\/05\/11.2_COLOMAR_BOB_DAMOISEAUX_FLEURS_FOLAMOUR_UPCYCLE-300x300.png 300w, https:\/\/pearlsmagazine.com\/webvieja\/wp-content\/uploads\/2022\/05\/11.2_COLOMAR_BOB_DAMOISEAUX_FLEURS_FOLAMOUR_UPCYCLE-150x150.png 150w, https:\/\/pearlsmagazine.com\/webvieja\/wp-content\/uploads\/2022\/05\/11.2_COLOMAR_BOB_DAMOISEAUX_FLEURS_FOLAMOUR_UPCYCLE-550x550.png 550w\" sizes=\"auto, (max-width: 710px) 100vw, 710px\" \/><figcaption> Bob \u201cColomar\u201d imprim\u00e9 r\u00e9versible, 39 euros<\/figcaption><\/figure><\/div>\n\n\n\n<p><\/p>\n\n\n\n<p><\/p>\n\n\n\n<p><\/p>\n\n\n\n<h2 class=\"wp-block-heading\">CHLO\u00c9<\/h2>\n\n\n\n<p>La marque de luxe engag\u00e9e pr\u00e9sente pour sa collection Printemps\/Et\u00e9 2022 un bob enti\u00e8rement fabriqu\u00e9 \u00e0 partir de <strong>coton 100% recycl\u00e9 et tiss\u00e9 \u00e0 la main<\/strong> rappelant les chaussures Meril. Son motif \u00e0 carreaux, disponible en jaune et rouge, imprime toute la surface. Fabriqu\u00e9 en collaboration avec <strong>Amambaih<\/strong>, une marque qui offre des opportunit\u00e9s d&#8217;emploi \u00e0 <strong>la communaut\u00e9 des artisans Mak\u00e1 au Paraguay<\/strong>, ce chapeau pliant repr\u00e9sente leur savoir-faire unique.<\/p>\n\n\n\n<figure class=\"wp-block-gallery aligncenter has-nested-images columns-default is-cropped wp-block-gallery-1 is-layout-flex wp-block-gallery-is-layout-flex\">\n<figure class=\"wp-block-image size-large\"><img loading=\"lazy\" decoding=\"async\" width=\"750\" height=\"1000\" data-id=\"5500\" src=\"https:\/\/pearlsmagazine.com\/webvieja\/wp-content\/uploads\/2022\/05\/chloe1.jpeg\" alt=\"\" class=\"wp-image-5500\" srcset=\"https:\/\/pearlsmagazine.com\/webvieja\/wp-content\/uploads\/2022\/05\/chloe1.jpeg 750w, https:\/\/pearlsmagazine.com\/webvieja\/wp-content\/uploads\/2022\/05\/chloe1-225x300.jpeg 225w\" sizes=\"auto, (max-width: 750px) 100vw, 750px\" \/><\/figure>\n\n\n\n<figure class=\"wp-block-image size-large\"><img loading=\"lazy\" decoding=\"async\" width=\"750\" height=\"1000\" data-id=\"5499\" src=\"https:\/\/pearlsmagazine.com\/webvieja\/wp-content\/uploads\/2022\/05\/chloe2.jpeg\" alt=\"\" class=\"wp-image-5499\" srcset=\"https:\/\/pearlsmagazine.com\/webvieja\/wp-content\/uploads\/2022\/05\/chloe2.jpeg 750w, https:\/\/pearlsmagazine.com\/webvieja\/wp-content\/uploads\/2022\/05\/chloe2-225x300.jpeg 225w\" sizes=\"auto, (max-width: 750px) 100vw, 750px\" \/><\/figure>\n<figcaption class=\"blocks-gallery-caption\">Bobs &#8220;Meril&#8221; en pr\u00e9-commande dur le site web de Chlo\u00e9, 520 euros (l&#8217;unit\u00e9).<br><\/figcaption><\/figure>\n\n\n\n<p><\/p>\n\n\n\n<p><\/p>\n\n\n\n<h2 class=\"wp-block-heading\">CHLO\u00c9 X MIFUKO<\/h2>\n\n\n\n<p>Fabriqu\u00e9 \u00e0 partir <strong>de papier et de coton<\/strong>, ce chapeau de paille issu du commerce \u00e9quitable pr\u00e9sente une silhouette \u00e9pur\u00e9e en forme de cloche pour un look \u00e0 la fois d\u00e9contract\u00e9 et intemporel. Ancr\u00e9 dans l&#8217;engagement de la Maison en mati\u00e8re de responsabilit\u00e9 sociale, il a \u00e9t\u00e9 r\u00e9alis\u00e9 en collaboration avec le partenaire de la marque, Mifuko. <\/p>\n\n\n\n<p><strong><a href=\"http:\/\/www.chloe.com\" target=\"_blank\" rel=\"noreferrer noopener\" title=\"Chlo\u00e9\">Chlo\u00e9<\/a><\/strong> travaille en collaboration avec l&#8217;Organisation mondiale du commerce \u00e9quitable. Le syst\u00e8me de garantie WTFO est un mod\u00e8le de v\u00e9rification international ax\u00e9 sur les entreprises sociales qui place les int\u00e9r\u00eats des personnes, des travailleurs, des artisans, ainsi que de la plan\u00e8te, au premier plan. Ces entreprises ont un impact sur les moyens de subsistance d&#8217;un million de personnes, dont 74 % sont des femmes.<\/p>\n\n\n\n<div class=\"wp-block-image\"><figure class=\"aligncenter size-full\"><img loading=\"lazy\" decoding=\"async\" width=\"750\" height=\"1000\" src=\"https:\/\/pearlsmagazine.com\/webvieja\/wp-content\/uploads\/2022\/05\/chloexmifuko.jpeg\" alt=\"\" class=\"wp-image-5501\" srcset=\"https:\/\/pearlsmagazine.com\/webvieja\/wp-content\/uploads\/2022\/05\/chloexmifuko.jpeg 750w, https:\/\/pearlsmagazine.com\/webvieja\/wp-content\/uploads\/2022\/05\/chloexmifuko-225x300.jpeg 225w\" sizes=\"auto, (max-width: 750px) 100vw, 750px\" \/><figcaption>Bob Chlo\u00e9 x Mifuko, 420 euros<\/figcaption><\/figure><\/div>\n\n\n\n<p><\/p>\n\n\n\n<p><\/p>\n\n\n\n<p><\/p>\n\n\n\n<h2 class=\"wp-block-heading\">MA\u00cfANA<\/h2>\n\n\n\n<p><strong><a href=\"http:\/\/maianafrance.com\" target=\"_blank\" rel=\"noreferrer noopener\" title=\"Cette griffe fran\u00e7aise\">Cette griffe fran\u00e7aise<\/a><\/strong>, originaire de La Rochelle et soucieuse du&nbsp;<strong>changement climatique<\/strong>&nbsp;en cours, propose des v\u00eatements et accessoires r\u00e9alis\u00e9s de mani\u00e8re&nbsp;<strong>\u00e9co-responsable.<\/strong>&nbsp;Elle utilise&nbsp;des tissus certifi\u00e9s GOTS et GRS : le&nbsp;<strong>coton bio,<\/strong>&nbsp;le&nbsp;<strong>coton recycl\u00e9,&nbsp;<\/strong>le&nbsp;<strong>polyester recycl\u00e9<\/strong>&nbsp;issus de bouteilles plastiques et r\u00e9cup\u00e8re des chutes de tissus.<\/p>\n\n\n\n<div class=\"wp-block-image\"><figure class=\"aligncenter size-full\"><img loading=\"lazy\" decoding=\"async\" width=\"1000\" height=\"1000\" src=\"https:\/\/pearlsmagazine.com\/webvieja\/wp-content\/uploads\/2022\/05\/maiana1.jpeg\" alt=\"\" class=\"wp-image-5502\" srcset=\"https:\/\/pearlsmagazine.com\/webvieja\/wp-content\/uploads\/2022\/05\/maiana1.jpeg 1000w, https:\/\/pearlsmagazine.com\/webvieja\/wp-content\/uploads\/2022\/05\/maiana1-300x300.jpeg 300w, https:\/\/pearlsmagazine.com\/webvieja\/wp-content\/uploads\/2022\/05\/maiana1-150x150.jpeg 150w, https:\/\/pearlsmagazine.com\/webvieja\/wp-content\/uploads\/2022\/05\/maiana1-768x768.jpeg 768w, https:\/\/pearlsmagazine.com\/webvieja\/wp-content\/uploads\/2022\/05\/maiana1-550x550.jpeg 550w\" sizes=\"auto, (max-width: 1000px) 100vw, 1000px\" \/><figcaption> Bob r\u00e9versible,&nbsp;tissu vichy 100% coton bio et tissu jeans, fils, \u00e9tiquettes 100% polyester recycl\u00e9,&nbsp;39 euros<\/figcaption><\/figure><\/div>\n\n\n\n<p><\/p>\n\n\n\n<p><\/p>\n\n\n\n<p><\/p>\n\n\n\n<h2 class=\"wp-block-heading\">RESAP PARIS<\/h2>\n\n\n\n<p><strong><a href=\"http:\/\/resap-paris.com\" target=\"_blank\" rel=\"noreferrer noopener\" title=\"Resap\">Resap<\/a><\/strong>&nbsp;transforme ses pi\u00e8ces selon des proc\u00e9d\u00e9s d\u2019<strong>upcycling<\/strong>. \u201cLes pi\u00e8ces d\u2019origine sont toutes issues de la seconde main et confectionn\u00e9es dans notre atelier \u00e0 Paris, avec amour et dans le respect de la plan\u00e8te et des humains.\u201d<\/p>\n\n\n\n<div class=\"wp-block-image\"><figure class=\"aligncenter size-full\"><img loading=\"lazy\" decoding=\"async\" width=\"800\" height=\"1000\" src=\"https:\/\/pearlsmagazine.com\/webvieja\/wp-content\/uploads\/2022\/05\/RESAP45euros.jeans_.jpeg\" alt=\"\" class=\"wp-image-5503\" srcset=\"https:\/\/pearlsmagazine.com\/webvieja\/wp-content\/uploads\/2022\/05\/RESAP45euros.jeans_.jpeg 800w, https:\/\/pearlsmagazine.com\/webvieja\/wp-content\/uploads\/2022\/05\/RESAP45euros.jeans_-240x300.jpeg 240w, https:\/\/pearlsmagazine.com\/webvieja\/wp-content\/uploads\/2022\/05\/RESAP45euros.jeans_-768x960.jpeg 768w\" sizes=\"auto, (max-width: 800px) 100vw, 800px\" \/><figcaption>Bob en jean \u201cBalysta\u201d, 45 euros<\/figcaption><\/figure><\/div>\n\n\n\n<p><\/p>\n\n\n\n<p><\/p>\n\n\n\n<p><\/p>\n\n\n\n<h2 class=\"wp-block-heading\">SEVEN \/ AUGUST<\/h2>\n\n\n\n<p>Les collections de pr\u00eat-\u00e0-porter de <strong><a href=\"http:\/\/sevenaugust.fr\" target=\"_blank\" rel=\"noreferrer noopener\" title=\"Seven\/August\">Seven\/August<\/a><\/strong>, mais aussi&nbsp;Homewear&nbsp;et&nbsp;Maison, sont r\u00e9alis\u00e9es d<strong>ans des ateliers de confection du sud de la France ainsi qu\u2019\u00e0 Paris<\/strong> pour r\u00e9duire l\u2019empreinte carbone. Les pi\u00e8ces en <strong>mati\u00e8res naturelles sont certifi\u00e9es Oeko-Tex<\/strong>; un label&nbsp;visant \u00e0 prot\u00e9ger la sant\u00e9 du consommateur en r\u00e9duisant au maximum la pr\u00e9sence de substances nocives sur sa peau.&nbsp;<\/p>\n\n\n\n<div class=\"wp-block-image\"><figure class=\"aligncenter size-full\"><img loading=\"lazy\" decoding=\"async\" width=\"1000\" height=\"1000\" src=\"https:\/\/pearlsmagazine.com\/webvieja\/wp-content\/uploads\/2022\/05\/seven-august-bob-bandana-55E-.jpg\" alt=\"\" class=\"wp-image-5504\" srcset=\"https:\/\/pearlsmagazine.com\/webvieja\/wp-content\/uploads\/2022\/05\/seven-august-bob-bandana-55E-.jpg 1000w, https:\/\/pearlsmagazine.com\/webvieja\/wp-content\/uploads\/2022\/05\/seven-august-bob-bandana-55E--300x300.jpg 300w, https:\/\/pearlsmagazine.com\/webvieja\/wp-content\/uploads\/2022\/05\/seven-august-bob-bandana-55E--150x150.jpg 150w, https:\/\/pearlsmagazine.com\/webvieja\/wp-content\/uploads\/2022\/05\/seven-august-bob-bandana-55E--768x768.jpg 768w, https:\/\/pearlsmagazine.com\/webvieja\/wp-content\/uploads\/2022\/05\/seven-august-bob-bandana-55E--550x550.jpg 550w\" sizes=\"auto, (max-width: 1000px) 100vw, 1000px\" \/><figcaption>Bob bandana en coton rose, 55 euros<\/figcaption><\/figure><\/div>\n\n\n\n<p><\/p>\n\n\n\n<h2 class=\"wp-block-heading\">OMBRELLE<\/h2>\n\n\n\n<p> <\/p>\n\n\n\n<p>\u00c0 l&#8217;origine d&#8217;<strong><a href=\"http:\/\/ombrelle.co\" target=\"_blank\" rel=\"noreferrer noopener\" title=\"Ombrelle\">Ombrelle<\/a><\/strong>, la volont\u00e9 de r\u00e9pondre \u00e0 un\u00a0probl\u00e8me soci\u00e9tal sanitaire non n\u00e9gligeable mais pourtant\u00a0jusqu\u2019alors oubli\u00e9 :\u00a0<strong>l\u2019impact du soleil sur notre peau et\u00a0notre sant\u00e9.<\/strong>\u00a0&#8220;Une \u00e9loge \u00e0 la libert\u00e9 et au champ des possibles pour\u00a0toutes les femmes en qu\u00eate d&#8217;aventures.&#8221; Chaque mod\u00e8le de pr\u00eat-\u00e0-porter ou accessoire est dessin\u00e9 et d\u00e9velopp\u00e9 entre Toulouse et\u00a0Paris, puis confectionn\u00e9 dans des ateliers en France ou en Europe.<\/p>\n\n\n\n<p><\/p>\n\n\n\n<div class=\"wp-block-image\"><figure class=\"aligncenter size-full\"><img loading=\"lazy\" decoding=\"async\" width=\"833\" height=\"1000\" src=\"https:\/\/pearlsmagazine.com\/webvieja\/wp-content\/uploads\/2022\/05\/Ombrelle_Bob-vert_65euros_madeineurope_detouree_02.png\" alt=\"\" class=\"wp-image-5512\" srcset=\"https:\/\/pearlsmagazine.com\/webvieja\/wp-content\/uploads\/2022\/05\/Ombrelle_Bob-vert_65euros_madeineurope_detouree_02.png 833w, https:\/\/pearlsmagazine.com\/webvieja\/wp-content\/uploads\/2022\/05\/Ombrelle_Bob-vert_65euros_madeineurope_detouree_02-250x300.png 250w, https:\/\/pearlsmagazine.com\/webvieja\/wp-content\/uploads\/2022\/05\/Ombrelle_Bob-vert_65euros_madeineurope_detouree_02-768x922.png 768w\" sizes=\"auto, (max-width: 833px) 100vw, 833px\" \/><figcaption>Bob &#8220;Egayante&#8221; en coton denim et tissu vichy vert d&#8217;eau, certifi\u00e9 Oeko Tex, 65 euros<\/figcaption><\/figure><\/div>\n\n\n\n<p><\/p>\n\n\n\n<p><\/p>\n\n\n\n<p><em>Les produits mis en avant dans cet article ont \u00e9t\u00e9 s\u00e9lectionn\u00e9s ind\u00e9pendamment par l\u2019\u00e9quipe de r\u00e9daction.<\/em><\/p>\n\n\n\n<p><\/p>\n\n\n\n<p><\/p>\n\n\n\n<p><strong><a href=\"https:\/\/pearlsmagazine.com\/webvieja\/\" title=\"ACCUEIL\">Retrouvez l&#8217;actualit\u00e9 de la mode \u00e9thique dans notre magazine<\/a><\/strong><\/p>\n\n\n\n<p><\/p>\n\n\n\n<p><\/p>\n\n\n\n<p><\/p>\n","protected":false},"excerpt":{"rendered":"<p>Depuis l\u2019\u00e9t\u00e9 dernier, le bob fait son grand retour!&nbsp;Ce couvre-chef en tissu, port\u00e9 par les GI&#8217;s am\u00e9ricains d\u00e9barqu\u00e9s en France pendant la Seconde Guerre mondiale, est aussi un accessoire incontournable des ann\u00e9es 90. Pour cette nouvelle saison estivale, voici une [&hellip;]<\/p>\n","protected":false},"author":1,"featured_media":5495,"comment_status":"closed","ping_status":"open","sticky":false,"template":"","format":"standard","meta":{"om_disable_all_campaigns":false,"_monsterinsights_skip_tracking":false,"_monsterinsights_sitenote_active":false,"_monsterinsights_sitenote_note":"","_monsterinsights_sitenote_category":0,"footnotes":""},"categories":[200],"tags":[233,212,338,340,348],"class_list":["post-5494","post","type-post","status-publish","format-standard","has-post-thumbnail","hentry","category-tendances","tag-a-la-une","tag-mode-ethique","tag-modedurable","tag-modeecoresponsable","tag-pearlsmagazine"],"aioseo_notices":[],"_links":{"self":[{"href":"https:\/\/pearlsmagazine.com\/webvieja\/wp-json\/wp\/v2\/posts\/5494","targetHints":{"allow":["GET"]}}],"collection":[{"href":"https:\/\/pearlsmagazine.com\/webvieja\/wp-json\/wp\/v2\/posts"}],"about":[{"href":"https:\/\/pearlsmagazine.com\/webvieja\/wp-json\/wp\/v2\/types\/post"}],"author":[{"embeddable":true,"href":"https:\/\/pearlsmagazine.com\/webvieja\/wp-json\/wp\/v2\/users\/1"}],"replies":[{"embeddable":true,"href":"https:\/\/pearlsmagazine.com\/webvieja\/wp-json\/wp\/v2\/comments?post=5494"}],"version-history":[{"count":7,"href":"https:\/\/pearlsmagazine.com\/webvieja\/wp-json\/wp\/v2\/posts\/5494\/revisions"}],"predecessor-version":[{"id":5514,"href":"https:\/\/pearlsmagazine.com\/webvieja\/wp-json\/wp\/v2\/posts\/5494\/revisions\/5514"}],"wp:featuredmedia":[{"embeddable":true,"href":"https:\/\/pearlsmagazine.com\/webvieja\/wp-json\/wp\/v2\/media\/5495"}],"wp:attachment":[{"href":"https:\/\/pearlsmagazine.com\/webvieja\/wp-json\/wp\/v2\/media?parent=5494"}],"wp:term":[{"taxonomy":"category","embeddable":true,"href":"https:\/\/pearlsmagazine.com\/webvieja\/wp-json\/wp\/v2\/categories?post=5494"},{"taxonomy":"post_tag","embeddable":true,"href":"https:\/\/pearlsmagazine.com\/webvieja\/wp-json\/wp\/v2\/tags?post=5494"}],"curies":[{"name":"wp","href":"https:\/\/api.w.org\/{rel}","templated":true}]}}