{"id":7601,"date":"2022-09-25T11:47:14","date_gmt":"2022-09-25T09:47:14","guid":{"rendered":"https:\/\/pearlsmagazine.com\/webvieja\/?p=7601"},"modified":"2022-09-26T13:52:43","modified_gmt":"2022-09-26T11:52:43","slug":"the-more-project-vers-une-mode-androgyne","status":"publish","type":"post","link":"https:\/\/pearlsmagazine.com\/webvieja\/the-more-project-vers-une-mode-androgyne\/","title":{"rendered":"The More Project : vers une mode androgyne"},"content":{"rendered":"\n<p>Th\u00e9o Lambert est \u00e0 l\u2019initiative de <a href=\"http:\/\/www.themoreproject.co\" target=\"_blank\" rel=\"noopener\" title=\"The More Project,\">The More Project,<\/a>&nbsp;un nouveau label de mode qui c\u00e9l\u00e8bre l\u2019alliance des genres, avec une premi\u00e8re collection de pr\u00eat-\u00e0-porter androgyne.&nbsp;Pour lui, il est important de s\u2019\u00e9manciper des standards masculins et f\u00e9minins id\u00e9alis\u00e9s par l\u2019industrie de la mode.&nbsp;<\/p>\n\n\n\n<blockquote class=\"wp-block-quote is-layout-flow wp-block-quote-is-layout-flow\"><p> &#8220;A travers The More Project, je souhaite montrer qu\u2019un chemin plus inclusif et fluide est possible et n\u00e9cessaire.&#8221;&nbsp;<\/p><cite>Th\u00e9o Lambert, fondateur de The More Project.<\/cite><\/blockquote>\n\n\n\n<figure class=\"wp-block-gallery has-nested-images columns-default is-cropped wp-block-gallery-1 is-layout-flex wp-block-gallery-is-layout-flex\">\n<figure class=\"wp-block-image size-large\"><a href=\"https:\/\/pearlsmagazine.com\/webvieja\/wp-content\/uploads\/2022\/09\/1.jpg\" rel=\"lightbox[7601]\"><img loading=\"lazy\" decoding=\"async\" width=\"667\" height=\"1000\" data-id=\"7603\" src=\"https:\/\/pearlsmagazine.com\/webvieja\/wp-content\/uploads\/2022\/09\/1.jpg\" alt=\"\" class=\"wp-image-7603\" srcset=\"https:\/\/pearlsmagazine.com\/webvieja\/wp-content\/uploads\/2022\/09\/1.jpg 667w, https:\/\/pearlsmagazine.com\/webvieja\/wp-content\/uploads\/2022\/09\/1-200x300.jpg 200w\" sizes=\"auto, (max-width: 667px) 100vw, 667px\" \/><\/a><\/figure>\n\n\n\n<figure class=\"wp-block-image size-large\"><a href=\"https:\/\/pearlsmagazine.com\/webvieja\/wp-content\/uploads\/2022\/09\/2.jpg\" rel=\"lightbox[7601]\"><img loading=\"lazy\" decoding=\"async\" width=\"667\" height=\"1000\" data-id=\"7602\" src=\"https:\/\/pearlsmagazine.com\/webvieja\/wp-content\/uploads\/2022\/09\/2.jpg\" alt=\"\" class=\"wp-image-7602\" srcset=\"https:\/\/pearlsmagazine.com\/webvieja\/wp-content\/uploads\/2022\/09\/2.jpg 667w, https:\/\/pearlsmagazine.com\/webvieja\/wp-content\/uploads\/2022\/09\/2-200x300.jpg 200w\" sizes=\"auto, (max-width: 667px) 100vw, 667px\" \/><\/a><\/figure>\n<figcaption class=\"blocks-gallery-caption\">Collaboration avec le raph<\/figcaption><\/figure>\n\n\n\n<p><\/p>\n\n\n\n<p><\/p>\n\n\n\n<h2 class=\"wp-block-heading\"><strong>Pouvez-vous d\u00e9crire votre premi\u00e8re pi\u00e8ce?<\/strong><\/h2>\n\n\n\n<p>Je propose une pi\u00e8ce \u00ab&nbsp;gendermore&nbsp;\u00bb qui met l\u2019accent sur l\u2019androgynie et qui s\u2019adapte \u00e0 tout type de morphologie gr\u00e2ce \u00e0 l\u2019aspect modulable du v\u00eatement. L\u2019inclusivit\u00e9 est accompagn\u00e9e de la cr\u00e9ativit\u00e9 avec une mise en lumi\u00e8re d\u2019illustrations d\u2019artistes \u00e9mergents sur l\u2019habit qu\u2019elles utilisent comme une toile vierge.<\/p>\n\n\n\n<p>Cette toute premi\u00e8re pi\u00e8ce est une surchemise \u00e0 col Mao.&nbsp;Je l\u2019ai imagin\u00e9e avec mon styliste, en me r\u00e9f\u00e9rant aux codes historiques de la chemise \u00e0 travers les si\u00e8cles. Notre d\u00e9fi a \u00e9t\u00e9 de les remettre au go\u00fbt du jour et de d\u00e9mystifier les coupes f\u00e9minines chez l\u2019homme.<\/p>\n\n\n\n<p><\/p>\n\n\n\n<figure class=\"wp-block-gallery has-nested-images columns-default is-cropped wp-block-gallery-2 is-layout-flex wp-block-gallery-is-layout-flex\">\n<figure class=\"wp-block-image size-large\"><a href=\"https:\/\/pearlsmagazine.com\/webvieja\/wp-content\/uploads\/2022\/09\/PAN01136.jpg\" rel=\"lightbox[7601]\"><img loading=\"lazy\" decoding=\"async\" width=\"667\" height=\"1000\" data-id=\"7605\" src=\"https:\/\/pearlsmagazine.com\/webvieja\/wp-content\/uploads\/2022\/09\/PAN01136.jpg\" alt=\"\" class=\"wp-image-7605\" srcset=\"https:\/\/pearlsmagazine.com\/webvieja\/wp-content\/uploads\/2022\/09\/PAN01136.jpg 667w, https:\/\/pearlsmagazine.com\/webvieja\/wp-content\/uploads\/2022\/09\/PAN01136-200x300.jpg 200w\" sizes=\"auto, (max-width: 667px) 100vw, 667px\" \/><\/a><\/figure>\n\n\n\n<figure class=\"wp-block-image size-large\"><a href=\"https:\/\/pearlsmagazine.com\/webvieja\/wp-content\/uploads\/2022\/09\/PAN01458.jpg\" rel=\"lightbox[7601]\"><img loading=\"lazy\" decoding=\"async\" width=\"667\" height=\"1000\" data-id=\"7604\" src=\"https:\/\/pearlsmagazine.com\/webvieja\/wp-content\/uploads\/2022\/09\/PAN01458.jpg\" alt=\"\" class=\"wp-image-7604\" srcset=\"https:\/\/pearlsmagazine.com\/webvieja\/wp-content\/uploads\/2022\/09\/PAN01458.jpg 667w, https:\/\/pearlsmagazine.com\/webvieja\/wp-content\/uploads\/2022\/09\/PAN01458-200x300.jpg 200w\" sizes=\"auto, (max-width: 667px) 100vw, 667px\" \/><\/a><\/figure>\n\n\n\n<figure class=\"wp-block-image size-large\"><a href=\"https:\/\/pearlsmagazine.com\/webvieja\/wp-content\/uploads\/2022\/09\/PAN00936.jpg\" rel=\"lightbox[7601]\"><img loading=\"lazy\" decoding=\"async\" width=\"667\" height=\"1000\" data-id=\"7606\" src=\"https:\/\/pearlsmagazine.com\/webvieja\/wp-content\/uploads\/2022\/09\/PAN00936.jpg\" alt=\"\" class=\"wp-image-7606\" srcset=\"https:\/\/pearlsmagazine.com\/webvieja\/wp-content\/uploads\/2022\/09\/PAN00936.jpg 667w, https:\/\/pearlsmagazine.com\/webvieja\/wp-content\/uploads\/2022\/09\/PAN00936-200x300.jpg 200w\" sizes=\"auto, (max-width: 667px) 100vw, 667px\" \/><\/a><\/figure>\n<\/figure>\n\n\n\n<p class=\"has-text-align-center\"> Collaboration avec Pogo<\/p>\n\n\n\n<p><\/p>\n\n\n\n<h2 class=\"wp-block-heading\"><strong>Concernant l\u2019aspect \u00e9thique du v\u00eatement, qu\u2019en est-il de la cha\u00eene de fabrication?<\/strong><\/h2>\n\n\n\n<p>La durabilit\u00e9 est primordiale pour moi, et cela passe par un sourcing de qualit\u00e9 et transparent. La mati\u00e8re premi\u00e8re est sourc\u00e9e \u00e0 Charlieu pr\u00e8s de Lyon. Elle est compos\u00e9e de chanvre organique, de coton biologique, et de lyocell (le tissu est certifi\u00e9 OEKO-TEX Standard 100), avant d\u2019\u00eatre envoy\u00e9e dans la r\u00e9gion de Porto pour la confection et la s\u00e9rigraphie.&nbsp;J\u2019ai vraiment voulu int\u00e9grer le chanvre dans mon produit car c\u2019est une mati\u00e8re naturelle au savoir-faire fran\u00e7ais qui s\u2019est perdu et je souhaite vraiment contribuer \u00e0 sa r\u00e9introduction.<\/p>\n\n\n\n<p><\/p>\n\n\n\n<figure class=\"wp-block-gallery has-nested-images columns-default is-cropped wp-block-gallery-3 is-layout-flex wp-block-gallery-is-layout-flex\">\n<figure class=\"wp-block-image size-large\"><img loading=\"lazy\" decoding=\"async\" width=\"667\" height=\"1000\" data-id=\"7607\" src=\"https:\/\/pearlsmagazine.com\/webvieja\/wp-content\/uploads\/2022\/09\/PAN03822.jpg\" alt=\"\" class=\"wp-image-7607\" srcset=\"https:\/\/pearlsmagazine.com\/webvieja\/wp-content\/uploads\/2022\/09\/PAN03822.jpg 667w, https:\/\/pearlsmagazine.com\/webvieja\/wp-content\/uploads\/2022\/09\/PAN03822-200x300.jpg 200w\" sizes=\"auto, (max-width: 667px) 100vw, 667px\" \/><\/figure>\n\n\n\n<figure class=\"wp-block-image size-large\"><img loading=\"lazy\" decoding=\"async\" width=\"667\" height=\"1000\" data-id=\"7609\" src=\"https:\/\/pearlsmagazine.com\/webvieja\/wp-content\/uploads\/2022\/09\/PAN03927.jpg\" alt=\"\" class=\"wp-image-7609\" srcset=\"https:\/\/pearlsmagazine.com\/webvieja\/wp-content\/uploads\/2022\/09\/PAN03927.jpg 667w, https:\/\/pearlsmagazine.com\/webvieja\/wp-content\/uploads\/2022\/09\/PAN03927-200x300.jpg 200w\" sizes=\"auto, (max-width: 667px) 100vw, 667px\" \/><\/figure>\n\n\n\n<figure class=\"wp-block-image size-large\"><img loading=\"lazy\" decoding=\"async\" width=\"667\" height=\"1000\" data-id=\"7608\" src=\"https:\/\/pearlsmagazine.com\/webvieja\/wp-content\/uploads\/2022\/09\/PAN04468.jpg\" alt=\"\" class=\"wp-image-7608\" srcset=\"https:\/\/pearlsmagazine.com\/webvieja\/wp-content\/uploads\/2022\/09\/PAN04468.jpg 667w, https:\/\/pearlsmagazine.com\/webvieja\/wp-content\/uploads\/2022\/09\/PAN04468-200x300.jpg 200w\" sizes=\"auto, (max-width: 667px) 100vw, 667px\" \/><\/figure>\n<\/figure>\n\n\n\n<p class=\"has-text-align-center\">Collaboration avec Sophie Schultz<\/p>\n\n\n\n<p><\/p>\n\n\n\n<h2 class=\"wp-block-heading\"><strong>Quels sont vos projets?<\/strong><\/h2>\n\n\n\n<p>The More Project est une marque de pr\u00eat-\u00e0-porter. L\u2019objectif est donc de d\u00e9velopper toute une garde-robe androgyne, cr\u00e9ative, et \u00e9co-responsable. Pour l\u2019ann\u00e9e prochaine, je planifie de lancer un pantalon sur lequel je commence d\u00e9j\u00e0 \u00e0 travailler avec mon styliste, puis une salopette, des pi\u00e8ces plus l\u00e9g\u00e8res comme des chemises et des accessoires\u2026&nbsp;D\u2019ici cinq ans, je souhaiterais que la marque devienne la marque de r\u00e9f\u00e9rence en ce qui concerne la garde-robe&nbsp;<em>gendermore cr\u00e9ative<\/em>.<\/p>\n\n\n\n<p>Par la suite, je souhaite faire de ce label une r\u00e9elle plateforme, aux objectifs communautaires et f\u00e9d\u00e9rateurs, et toucher aux domaines de l\u2019\u00e9v\u00e8nementiel et du conseil, par exemple, dans le but d\u2019informer, de sensibiliser et \u201cd\u2019\u00e9duquer\u201d le consommateur vers un achat plus responsable.<\/p>\n\n\n\n<p><\/p>\n\n\n\n<p>Campagne disponible actuellement sur Ulule jusqu&#8217;au 15 octobre 2022 :<\/p>\n\n\n\n<p><a href=\"https:\/\/fr.ulule.com\/the-more-project-la-surchemise\/#rewards\/\" target=\"_blank\" rel=\"noopener\">https:\/\/fr.ulule.com\/the-more-project-la-surchemise\/#rewards\/<\/a><\/p>\n\n\n\n<p>Cr\u00e9dit photos : The More Project<\/p>\n\n\n\n<p><\/p>\n\n\n\n<p><\/p>\n\n\n\n<p><a href=\"https:\/\/www.themoreproject.co\" target=\"_blank\" rel=\"noopener\" title=\"themoreproject.co\">themoreproject.co<\/a><\/p>\n\n\n\n<p><a href=\"https:\/\/pearlsmagazine.com\/webvieja\/\" title=\"ACCUEIL\">Retrouvez l&#8217;actualit\u00e9 de la mode \u00e9thique dans notre magazine<\/a><\/p>\n","protected":false},"excerpt":{"rendered":"<p>Th\u00e9o Lambert est \u00e0 l\u2019initiative de The More Project,&nbsp;un nouveau label de mode qui c\u00e9l\u00e8bre l\u2019alliance des genres, avec une premi\u00e8re collection de pr\u00eat-\u00e0-porter androgyne.&nbsp;Pour lui, il est important de s\u2019\u00e9manciper des standards masculins et f\u00e9minins id\u00e9alis\u00e9s par l\u2019industrie de [&hellip;]<\/p>\n","protected":false},"author":1,"featured_media":7610,"comment_status":"closed","ping_status":"open","sticky":false,"template":"","format":"standard","meta":{"om_disable_all_campaigns":false,"_monsterinsights_skip_tracking":false,"_monsterinsights_sitenote_active":false,"_monsterinsights_sitenote_note":"","_monsterinsights_sitenote_category":0,"footnotes":""},"categories":[199],"tags":[233,259,338,337,348],"class_list":["post-7601","post","type-post","status-publish","format-standard","has-post-thumbnail","hentry","category-rencontres","tag-a-la-une","tag-mode-eco-responsable","tag-modedurable","tag-modeethique-2","tag-pearlsmagazine"],"aioseo_notices":[],"_links":{"self":[{"href":"https:\/\/pearlsmagazine.com\/webvieja\/wp-json\/wp\/v2\/posts\/7601","targetHints":{"allow":["GET"]}}],"collection":[{"href":"https:\/\/pearlsmagazine.com\/webvieja\/wp-json\/wp\/v2\/posts"}],"about":[{"href":"https:\/\/pearlsmagazine.com\/webvieja\/wp-json\/wp\/v2\/types\/post"}],"author":[{"embeddable":true,"href":"https:\/\/pearlsmagazine.com\/webvieja\/wp-json\/wp\/v2\/users\/1"}],"replies":[{"embeddable":true,"href":"https:\/\/pearlsmagazine.com\/webvieja\/wp-json\/wp\/v2\/comments?post=7601"}],"version-history":[{"count":7,"href":"https:\/\/pearlsmagazine.com\/webvieja\/wp-json\/wp\/v2\/posts\/7601\/revisions"}],"predecessor-version":[{"id":7623,"href":"https:\/\/pearlsmagazine.com\/webvieja\/wp-json\/wp\/v2\/posts\/7601\/revisions\/7623"}],"wp:featuredmedia":[{"embeddable":true,"href":"https:\/\/pearlsmagazine.com\/webvieja\/wp-json\/wp\/v2\/media\/7610"}],"wp:attachment":[{"href":"https:\/\/pearlsmagazine.com\/webvieja\/wp-json\/wp\/v2\/media?parent=7601"}],"wp:term":[{"taxonomy":"category","embeddable":true,"href":"https:\/\/pearlsmagazine.com\/webvieja\/wp-json\/wp\/v2\/categories?post=7601"},{"taxonomy":"post_tag","embeddable":true,"href":"https:\/\/pearlsmagazine.com\/webvieja\/wp-json\/wp\/v2\/tags?post=7601"}],"curies":[{"name":"wp","href":"https:\/\/api.w.org\/{rel}","templated":true}]}}